

{"id":106593,"date":"2024-11-20T10:23:56","date_gmt":"2024-11-20T09:23:56","guid":{"rendered":"https:\/\/actitudes.ch\/?p=106593"},"modified":"2025-01-06T12:59:48","modified_gmt":"2025-01-06T11:59:48","slug":"im-rampenlicht-steht-eine-unserer-facilitatorinnen-fur-nachhaltige-teams-laure-baltischwiler","status":"publish","type":"post","link":"https:\/\/actitudes.ch\/de\/lumiere-sur-lune-de-nos-facilitatrices-pour-des-equipes-durables-laure-baltischwiler\/","title":{"rendered":"Spotlight auf eine unserer Moderatorinnen f\u00fcr nachhaltige Teams: Laure Baltischwiler."},"content":{"rendered":"<section class=\"bde-section-106593-100 bde-section\">\n  \n  \n\t\n\n\n\n<div class=\"section-container\"><div class=\"bde-rich-text-106593-104 bde-rich-text breakdance-rich-text-styles\">\n<blockquote>\n<h3>\"Hin zu einer wohlwollenden und nachhaltigen Personalbetreuung und einer Mitgestaltung unserer Organisation.\"<\/h3>\n<\/blockquote>\n<\/div><div class=\"bde-video-106593-101 bde-video\">\n<div class=\"ee-video-container\">\n                                                                        \n                <lite-youtube\n                        videoid=\"GBCzolwzQKc\"\n                                                style=\"background-image:inherit; \"\n                        class=\"ee-video lazyload\"\n                        title=\"\"\n                        params=\"&playsinline=0&rel=0&enablejsapi=1\"\n                 data-bg-image=\"url(https:\/\/i.ytimg.com\/vi\/GBCzolwzQKc\/maxresdefault.jpg)\">\n                <\/lite-youtube>\n                    \n        \n            \n    <\/div>\n\n<\/div><div class=\"bde-rich-text-106593-105 bde-rich-text breakdance-rich-text-styles\">\n<p>\u00a0<\/p>\n<p>In diesem Interview erz\u00e4hlt uns Laure Baltischwiler, Leiterin Personal und Stab bei der Raiffeisenbank Gros-de-Vaud, mehr \u00fcber ihre Erfahrung als Teilnehmerin w\u00e4hrend des Train-the-Trainer Facilitator f\u00fcr nachhaltige Teams Actitudes\u00ae vom Oktober 2024. <br \/><br \/>Sie erz\u00e4hlt uns auch, wie dieses Projekt, eine Ressourcenperson zur F\u00f6rderung nachhaltiger Teams zu werden, sich in den Wunsch nach Mitgestaltung ihrer Organisation bei der Raiffeisenbank Gros-de-Vaud sowie in einen HR-Ansatz hin zu einer wohlwollenden und nachhaltigen Personalbetreuung einf\u00fcgt. <br \/><br \/><strong>Schlagw\u00f6rter:<\/strong><br \/><br \/>\ud83d\udd39 Mitgestaltung einer Organisation <br \/>\ud83d\udd39 Hin zu mehr Partizipation <br \/>\ud83d\udd39 Ressourcenperson\/Facilitator zur Erm\u00f6glichung der Beitr\u00e4ge der Gruppe<br \/>\ud83d\udd39 Wertsch\u00f6pfung <br \/>\ud83d\udd39 Innovation <br \/><br \/>Wenn man nachhaltige Teams entwickelt, entwickelt man parallel eine gemeinsame F\u00fchrungskultur.<br \/><br \/>Und wenn auch Sie Facilitator f\u00fcr nachhaltige Teams mit Actitudes\u00ae werden m\u00f6chten, laden wir Sie ein, unsere Seite zu besuchen <a class=\"PvaypIWSSzaYekZGVDZTENtvQwtUaxUmatY\" href=\"https:\/\/actitudes.ch\/de\/ttt\/\" target=\"_self\" data-test-app-aware-link=\"\">https:\/\/actitudes.ch\/ttt<\/a> um mehr zu erfahren und unsere n\u00e4chsten Schulungstermine kennenzulernen. <br \/><br \/>Bis bald auf dem Weg zu nachhaltigen Teams.<br \/><br \/>Moderation des Train-the-Trainer Actitudes\u00ae durch Frederic Meuwly und Clarissa Nicolet.<\/p>\n<\/div><\/div>\n<\/section>","protected":false},"excerpt":{"rendered":"<p>&#8221; Vers un encadrement du personnel bienveillant et durable et une co-construction de notre organisation.&#8221; \u00a0 Dans cette interview, Laure Baltischwiler, Responsable ressources humaines et \u00e9tat-major \u00e0 la Banque Raiffeisen [&hellip;]<\/p>\n","protected":false},"author":6,"featured_media":106608,"comment_status":"closed","ping_status":"open","sticky":false,"template":"","format":"standard","meta":{"_acf_changed":false,"_price":"","_stock":"","_tribe_ticket_header":"","_tribe_default_ticket_provider":"","_tribe_ticket_capacity":"0","_ticket_start_date":"","_ticket_end_date":"","_tribe_ticket_show_description":"","_tribe_ticket_show_not_going":false,"_tribe_ticket_use_global_stock":"","_tribe_ticket_global_stock_level":"","_global_stock_mode":"","_global_stock_cap":"","_tribe_rsvp_for_event":"","_tribe_ticket_going_count":"","_tribe_ticket_not_going_count":"","_tribe_tickets_list":"[]","_tribe_ticket_has_attendee_info_fields":false,"_breakdance_hide_in_design_set":false,"_breakdance_tags":"","wds_primary_category":158,"footnotes":""},"categories":[156,173,86,158,239,251,187],"tags":[],"class_list":["post-106593","post","type-post","status-publish","format-standard","has-post-thumbnail","hentry","category-raison-detre-vision-commune","category-innovation-creation-de-valeur","category-leadership-fr","category-equipes-durables","category-facilitation","category-interview-train-the-trainer-facilitateur-trice-pour-des-equipes-durables","category-video"],"acf":[],"_links":{"self":[{"href":"https:\/\/actitudes.ch\/de\/wp-json\/wp\/v2\/posts\/106593","targetHints":{"allow":["GET"]}}],"collection":[{"href":"https:\/\/actitudes.ch\/de\/wp-json\/wp\/v2\/posts"}],"about":[{"href":"https:\/\/actitudes.ch\/de\/wp-json\/wp\/v2\/types\/post"}],"author":[{"embeddable":true,"href":"https:\/\/actitudes.ch\/de\/wp-json\/wp\/v2\/users\/6"}],"replies":[{"embeddable":true,"href":"https:\/\/actitudes.ch\/de\/wp-json\/wp\/v2\/comments?post=106593"}],"version-history":[{"count":0,"href":"https:\/\/actitudes.ch\/de\/wp-json\/wp\/v2\/posts\/106593\/revisions"}],"wp:featuredmedia":[{"embeddable":true,"href":"https:\/\/actitudes.ch\/de\/wp-json\/wp\/v2\/media\/106608"}],"wp:attachment":[{"href":"https:\/\/actitudes.ch\/de\/wp-json\/wp\/v2\/media?parent=106593"}],"wp:term":[{"taxonomy":"category","embeddable":true,"href":"https:\/\/actitudes.ch\/de\/wp-json\/wp\/v2\/categories?post=106593"},{"taxonomy":"post_tag","embeddable":true,"href":"https:\/\/actitudes.ch\/de\/wp-json\/wp\/v2\/tags?post=106593"}],"curies":[{"name":"wp","href":"https:\/\/api.w.org\/{rel}","templated":true}]}}