

{"id":106888,"date":"2024-09-23T11:30:00","date_gmt":"2024-09-23T09:30:00","guid":{"rendered":"https:\/\/actitudes.ch\/?p=106888"},"modified":"2025-01-20T09:52:08","modified_gmt":"2025-01-20T08:52:08","slug":"schlusselfaktoren-fur-eine-effektive-und-leistungsstarke-zusammenarbeit-im-rahmen-einer-externen-evaluierung","status":"publish","type":"post","link":"https:\/\/actitudes.ch\/de\/facteurs-cles-pour-une-collaboration-efficace-et-performante-dans-le-cadre-dune-evaluation-externe\/","title":{"rendered":"Treiber f\u00fcr eine effektive und leistungsstarke Zusammenarbeit im Rahmen einer externen Evaluation"},"content":{"rendered":"<section class=\"bde-section-106888-100 bde-section\">\n  \n  \n\t\n\n\n\n<div class=\"section-container\"><div class=\"bde-rich-text-106888-102 bde-rich-text breakdance-rich-text-styles\">\n<h3>\u00a0<\/h3>\n<h3>R\u00fcckblick auf die Zusammenarbeit zweier Projektleiter im Rahmen eines komplexen Projekts eines institutionellen Akkreditierungsverfahrens.<\/h3>\n<\/div><div class=\"bde-rich-text-106888-101 bde-rich-text breakdance-rich-text-styles\">\n<p><br \/>Am 23. September letzten Jahres hatten wir die Gelegenheit, Nathalie Vali\u00e8re und Bastien Brodard bei unserem MeetUp Actitudes zu begr\u00fc\u00dfen. Bastien und Nathalie haben tats\u00e4chlich \u00fcber mehrere Monate hinweg an einem komplexen Akkreditierungsprojekt der HEP zusammengearbeitet, Nathalie als Qualit\u00e4ts-Projektleiterin an der HEP und Bastien als Projektleiter der externen Agentur AAQ. <br \/><br \/><strong>Zusammenarbeit zwischen verschiedenen Fachspezialisten:<\/strong> <br \/>Beide sind in der nachhaltigen Teamentwicklung geschult und wollten die 18 Treiber f\u00fcr nachhaltige Teams nutzen, um ihre Zusammenarbeit zu bewerten.<\/p>\n<p><br \/>Folgend<strong> die Treiber<\/strong> die:<\/p>\n<ul>\n<li>\n<p><strong>die Projektleitung unterst\u00fctzt<\/strong>, innerhalb ihrer jeweiligen Organisationen und<\/p>\n<\/li>\n<li>\n<p><strong>ihre Zusammenarbeit charakterisiert<\/strong>, im Rahmen dieser externen Evaluation der Hochschule:<\/p>\n<\/li>\n<\/ul>\n<p style=\"padding-left: 40px;\"><br \/>\u27a2 Unterst\u00fctzende F\u00fchrung<br \/>\u27a2 Kundenorientierung<br \/>\u27a2 Strategie &amp; Roadmap<br \/>\u27a2 Rollen &amp; Prozesse<br \/>\u27a2 Ressourcen &amp; Know-how<\/p>\n<p>F\u00fcr sie, das <strong>Framework der 18 Treiber f\u00fcr nachhaltige Teams zur Unterst\u00fctzung<\/strong>, war:<\/p>\n<ul>\n<li>n\u00fctzlich f\u00fcr die Analyse der Aktivit\u00e4t, auch wenn sie Projektmanagement und kollaborative F\u00fchrung kombiniert<\/li>\n<li>\n<p>Hebel zur Analyse einer Zusammenarbeit zwischen zwei Organisationen<\/p>\n<\/li>\n<li>\n<p>relevant im Rahmen der Steuerung des Hochschulbereichs<\/p>\n<\/li>\n<li>\n<p>Hilfe bei der Entwicklung einer \u00abKultur nachhaltiger Leistung\u00bb<\/p>\n<\/li>\n<\/ul>\n<p><br \/>Vielen Dank an unsere beiden Referenten f\u00fcr diesen inspirierenden Austausch und an die anwesende Gruppe f\u00fcr ihre Teilnahme und bis bald zu den n\u00e4chsten gemeinsamen MeetUps!<\/p>\n<p>\u00a0<\/p>\n<\/div><img decoding=\"async\" class=\"bde-image2-106888-103 bde-image2 lazyload\" data-src=\"https:\/\/actitudes.ch\/wp-content\/uploads\/MeetUp-Actitudes\u00ae-du-23-septembre-2024.jpg\" data-srcset=\"https:\/\/actitudes.ch\/wp-content\/uploads\/MeetUp-Actitudes\u00ae-du-23-septembre-2024.jpg 1872w, https:\/\/actitudes.ch\/wp-content\/uploads\/MeetUp-Actitudes\u00ae-du-23-septembre-2024-800x377.jpg 800w, https:\/\/actitudes.ch\/wp-content\/uploads\/MeetUp-Actitudes\u00ae-du-23-septembre-2024-1400x660.jpg 1400w, https:\/\/actitudes.ch\/wp-content\/uploads\/MeetUp-Actitudes\u00ae-du-23-septembre-2024-768x362.jpg 768w, https:\/\/actitudes.ch\/wp-content\/uploads\/MeetUp-Actitudes\u00ae-du-23-septembre-2024-1536x724.jpg 1536w, https:\/\/actitudes.ch\/wp-content\/uploads\/MeetUp-Actitudes\u00ae-du-23-septembre-2024-900x424.jpg 900w\" data-sizes=\"(max-width: 1872px) 100vw, 1872px\" src=\"data:image\/svg+xml;base64,PHN2ZyB3aWR0aD0iMSIgaGVpZ2h0PSIxIiB4bWxucz0iaHR0cDovL3d3dy53My5vcmcvMjAwMC9zdmciPjwvc3ZnPg==\" style=\"--smush-placeholder-width: 1872px; --smush-placeholder-aspect-ratio: 1872\/882;\"><div class=\"bde-div-106888-108 bde-div\">\n  \n  \n\t\n\n\n\n\n<\/div><div class=\"bde-button-106888-104 bde-button\">\n        \n    \n    \n    \n    \n            \n                    \n            \n            \n\n    \n    \n    \n    \n    \n    <a class=\"breakdance-link button-atom button-atom--primary bde-button__button\" href=\"https:\/\/actitudes.ch\/de\/evenements\/\" target=\"_self\" data-type=\"url\"  >\n\n    \n        <span class=\"button-atom__text\">Anmeldung zu den n\u00e4chsten Meetup Actitudes<\/span>\n\n        \n        \n                <\/a>\n\n    \n\n\n<\/div><\/div>\n<\/section>","protected":false},"excerpt":{"rendered":"<p>\u00a0 R\u00e9trospective sur la collaboration de deux chefs de projet dans le cadre d\u2019un projet complexe d\u2019une proc\u00e9dure d\u2019accr\u00e9ditation institutionnelle. Le 23 septembre dernier nous avons eu la chance d\u2019accueillir [&hellip;]<\/p>\n","protected":false},"author":6,"featured_media":106885,"comment_status":"closed","ping_status":"open","sticky":false,"template":"","format":"standard","meta":{"_acf_changed":false,"_price":"","_stock":"","_tribe_ticket_header":"","_tribe_default_ticket_provider":"","_tribe_ticket_capacity":"0","_ticket_start_date":"","_ticket_end_date":"","_tribe_ticket_show_description":"","_tribe_ticket_show_not_going":false,"_tribe_ticket_use_global_stock":"","_tribe_ticket_global_stock_level":"","_global_stock_mode":"","_global_stock_cap":"","_tribe_rsvp_for_event":"","_tribe_ticket_going_count":"","_tribe_ticket_not_going_count":"","_tribe_tickets_list":"[]","_tribe_ticket_has_attendee_info_fields":false,"_breakdance_hide_in_design_set":false,"_breakdance_tags":"","wds_primary_category":253,"footnotes":""},"categories":[170,174,168,175,86,158,253],"tags":[],"class_list":["post-106888","post","type-post","status-publish","format-standard","has-post-thumbnail","hentry","category-experience-client","category-ressources-savoir-faire","category-roles-processus-clairs","category-strategie-feuille-de-route-priorites","category-leadership-fr","category-equipes-durables","category-meetup-actitudes"],"acf":[],"_links":{"self":[{"href":"https:\/\/actitudes.ch\/de\/wp-json\/wp\/v2\/posts\/106888","targetHints":{"allow":["GET"]}}],"collection":[{"href":"https:\/\/actitudes.ch\/de\/wp-json\/wp\/v2\/posts"}],"about":[{"href":"https:\/\/actitudes.ch\/de\/wp-json\/wp\/v2\/types\/post"}],"author":[{"embeddable":true,"href":"https:\/\/actitudes.ch\/de\/wp-json\/wp\/v2\/users\/6"}],"replies":[{"embeddable":true,"href":"https:\/\/actitudes.ch\/de\/wp-json\/wp\/v2\/comments?post=106888"}],"version-history":[{"count":0,"href":"https:\/\/actitudes.ch\/de\/wp-json\/wp\/v2\/posts\/106888\/revisions"}],"wp:featuredmedia":[{"embeddable":true,"href":"https:\/\/actitudes.ch\/de\/wp-json\/wp\/v2\/media\/106885"}],"wp:attachment":[{"href":"https:\/\/actitudes.ch\/de\/wp-json\/wp\/v2\/media?parent=106888"}],"wp:term":[{"taxonomy":"category","embeddable":true,"href":"https:\/\/actitudes.ch\/de\/wp-json\/wp\/v2\/categories?post=106888"},{"taxonomy":"post_tag","embeddable":true,"href":"https:\/\/actitudes.ch\/de\/wp-json\/wp\/v2\/tags?post=106888"}],"curies":[{"name":"wp","href":"https:\/\/api.w.org\/{rel}","templated":true}]}}