

{"id":106904,"date":"2024-12-09T11:30:00","date_gmt":"2024-12-09T10:30:00","guid":{"rendered":"https:\/\/actitudes.ch\/?p=106904"},"modified":"2025-04-01T16:02:03","modified_gmt":"2025-04-01T14:02:03","slug":"was-muss-eine-organisation-einfuhren-um-nachhaltige-arbeitsgruppen-und-initiativen-zu-unterstutzen-und-zu-begleiten","status":"publish","type":"post","link":"https:\/\/actitudes.ch\/de\/que-doit-mettre-en-place-une-organisation-pour-soutenir-et-accompagner-des-groupes-et-initiatives-de-travail-equipes-durables\/","title":{"rendered":"Was muss eine Organisation einf\u00fchren, um Gruppen und Arbeitsinitiativen f\u00fcr nachhaltige Teams zu unterst\u00fctzen und zu begleiten?"},"content":{"rendered":"<section class=\"bde-section-106904-100 bde-section\">\n  \n  \n\t\n\n\n\n<div class=\"section-container\"><div class=\"bde-rich-text-106904-108 bde-rich-text breakdance-rich-text-styles\">\n<h3>\u00a0<\/h3>\n<h3>Austausch mit einem inspirierenden Moderator<\/h3>\n<\/div><div class=\"bde-rich-text-106904-102 bde-rich-text breakdance-rich-text-styles\">\n<p>\u00a0<\/p>\n<p>Am 9. Dezember fand unser Actitudes\u00ae MeetUp mit Vincent Chesneau statt, dem Moderator f\u00fcr nachhaltige Teams beim SECO. W\u00e4hrend dieses <strong>interaktiven MeetUps<\/strong> schlug Vincent der anwesenden Gruppe vor, Ideen und sogar einen Aktionsplan zu entwickeln, um ihn bei der weiteren Begleitung seiner nachhaltigen Teams in seiner Organisation zu unterst\u00fctzen. <br \/><br \/><strong>Hier sind die Themen, die er der Gruppe anvertraute und zu denen die MeetUp-Teilnehmer eingeladen waren, Vorschl\u00e4ge zu machen:<\/strong> <br \/><br \/><strong>\u201c Wie k\u00f6nnen F\u00fchrungskr\u00e4fte und Mitarbeiter dazu angeregt und daran gew\u00f6hnt werden, die zur Verf\u00fcgung gestellten Tools und Ressourcen zu nutzen, um eine unterst\u00fctzende F\u00fchrung und Team-Lernf\u00e4higkeit zu f\u00f6rdern? \u201d<\/strong> <br \/><br \/>und <br \/><br \/><strong>\u201c Wie kann sichergestellt werden, dass alle in den eingerichteten Arbeitsgruppen teilnehmen und sich austauschen k\u00f6nnen (vermeiden, dass ein oder zwei Personen zu viel Raum einnehmen und die anderen passiv bleiben).\u201d<\/strong> <br \/><br \/>Und hier sind mehrere Beobachtungen, Feststellungen und Vorschl\u00e4ge, die die Gruppe f\u00fcr Vincent erarbeitet hat:<\/p>\n<p>\u00a0<\/p>\n<\/div><div class=\"bde-rich-text-106904-105 bde-rich-text breakdance-rich-text-styles\">\n<ul>\n<li>Die Bedeutung der Positionierung des Projektsponsors<\/li>\n<li>Eine klare, gemeinsame Vision<\/li>\n<li>Ein Austausch von Tools zur Organisation der Arbeitsgruppensitzungen<\/li>\n<li>Den Betroffenen sichtbar machen, was ein solcher Ansatz bewirken kann<\/li>\n<li>Abgleich von Erwartungen und W\u00fcnschen zwischen den Initiatoren und den Empf\u00e4ngern des Ansatzes<\/li>\n<li>Umgang mit Fehlern.<\/li>\n<\/ul>\n<p><br \/>Ein gro\u00dfes Dankesch\u00f6n an dich, Vincent, und an die Gruppe f\u00fcr euren wertvollen Beitrag und die Teilnahme an diesem interaktiven MeetUp, das in mehrere Phasen und Sequenzen der Reflexion und Beteiligung (individuell, Duos, Plenum) gegliedert war.<\/p>\n<p>\u00a0<\/p>\n<\/div><img decoding=\"async\" class=\"bde-image2-106904-103 bde-image2 lazyload\" data-src=\"https:\/\/actitudes.ch\/wp-content\/uploads\/MeetUp-Actitudes\u00ae-du-9-decembre-2024.jpg\" data-srcset=\"https:\/\/actitudes.ch\/wp-content\/uploads\/MeetUp-Actitudes\u00ae-du-9-decembre-2024.jpg 1352w, https:\/\/actitudes.ch\/wp-content\/uploads\/MeetUp-Actitudes\u00ae-du-9-decembre-2024-800x464.jpg 800w, https:\/\/actitudes.ch\/wp-content\/uploads\/MeetUp-Actitudes\u00ae-du-9-decembre-2024-768x446.jpg 768w, https:\/\/actitudes.ch\/wp-content\/uploads\/MeetUp-Actitudes\u00ae-du-9-decembre-2024-900x523.jpg 900w\" data-sizes=\"(max-width: 1352px) 100vw, 1352px\" src=\"data:image\/svg+xml;base64,PHN2ZyB3aWR0aD0iMSIgaGVpZ2h0PSIxIiB4bWxucz0iaHR0cDovL3d3dy53My5vcmcvMjAwMC9zdmciPjwvc3ZnPg==\" style=\"--smush-placeholder-width: 1352px; --smush-placeholder-aspect-ratio: 1352\/785;\"><div class=\"bde-div-106904-106 bde-div\">\n  \n  \n\t\n\n\n\n\n<\/div><div class=\"bde-button-106904-104 bde-button\">\n        \n    \n    \n    \n    \n            \n                    \n            \n            \n\n    \n    \n    \n    \n    \n    <a class=\"breakdance-link button-atom button-atom--primary bde-button__button\" href=\"https:\/\/actitudes.ch\/de\/evenements\/\" target=\"_self\" data-type=\"url\"  >\n\n    \n        <span class=\"button-atom__text\">Anmeldung zu den MeetUp Actitudes<\/span>\n\n        \n        \n                <\/a>\n\n    \n\n\n<\/div><\/div>\n<\/section>","protected":false},"excerpt":{"rendered":"<p>\u00a0 Partage d&#8217;un facilitateur inspirant \u00a0 Le 9 d\u00e9cembre dernier \u00e0 eu lieu notre MeetUp Actitudes\u00ae avec Vincent Chesneau, facilitateur des \u00e9quipes durables au SECO. Durant ce MeetUp interactif Vincent [&hellip;]<\/p>\n","protected":false},"author":6,"featured_media":106886,"comment_status":"closed","ping_status":"open","sticky":false,"template":"","format":"standard","meta":{"_acf_changed":false,"_price":"","_stock":"","_tribe_ticket_header":"","_tribe_default_ticket_provider":"","_tribe_ticket_capacity":"0","_ticket_start_date":"","_ticket_end_date":"","_tribe_ticket_show_description":"","_tribe_ticket_show_not_going":false,"_tribe_ticket_use_global_stock":"","_tribe_ticket_global_stock_level":"","_global_stock_mode":"","_global_stock_cap":"","_tribe_rsvp_for_event":"","_tribe_ticket_going_count":"","_tribe_ticket_not_going_count":"","_tribe_tickets_list":"[]","_tribe_ticket_has_attendee_info_fields":false,"_breakdance_hide_in_design_set":false,"_breakdance_tags":"","wds_primary_category":253,"footnotes":""},"categories":[173,149,168,86,158,239,253],"tags":[],"class_list":["post-106904","post","type-post","status-publish","format-standard","has-post-thumbnail","hentry","category-innovation-creation-de-valeur","category-apprentissage-croissance-progres","category-roles-processus-clairs","category-leadership-fr","category-equipes-durables","category-facilitation","category-meetup-actitudes"],"acf":[],"_links":{"self":[{"href":"https:\/\/actitudes.ch\/de\/wp-json\/wp\/v2\/posts\/106904","targetHints":{"allow":["GET"]}}],"collection":[{"href":"https:\/\/actitudes.ch\/de\/wp-json\/wp\/v2\/posts"}],"about":[{"href":"https:\/\/actitudes.ch\/de\/wp-json\/wp\/v2\/types\/post"}],"author":[{"embeddable":true,"href":"https:\/\/actitudes.ch\/de\/wp-json\/wp\/v2\/users\/6"}],"replies":[{"embeddable":true,"href":"https:\/\/actitudes.ch\/de\/wp-json\/wp\/v2\/comments?post=106904"}],"version-history":[{"count":0,"href":"https:\/\/actitudes.ch\/de\/wp-json\/wp\/v2\/posts\/106904\/revisions"}],"wp:featuredmedia":[{"embeddable":true,"href":"https:\/\/actitudes.ch\/de\/wp-json\/wp\/v2\/media\/106886"}],"wp:attachment":[{"href":"https:\/\/actitudes.ch\/de\/wp-json\/wp\/v2\/media?parent=106904"}],"wp:term":[{"taxonomy":"category","embeddable":true,"href":"https:\/\/actitudes.ch\/de\/wp-json\/wp\/v2\/categories?post=106904"},{"taxonomy":"post_tag","embeddable":true,"href":"https:\/\/actitudes.ch\/de\/wp-json\/wp\/v2\/tags?post=106904"}],"curies":[{"name":"wp","href":"https:\/\/api.w.org\/{rel}","templated":true}]}}