

{"id":113695,"date":"2025-06-25T10:52:42","date_gmt":"2025-06-25T08:52:42","guid":{"rendered":"https:\/\/actitudes.ch\/?p=113695"},"modified":"2025-12-11T10:43:24","modified_gmt":"2025-12-11T09:43:24","slug":"ruckblick-auf-das-jahrliche-meetup-haltungen-den-lebenszyklus-nachhaltiger-teams-erleben","status":"publish","type":"post","link":"https:\/\/actitudes.ch\/de\/retour-sur-le-meetup-annuel-actitudes-vivre-lecocycle-des-equipes-durables\/","title":{"rendered":"R\u00fcckblick auf das j\u00e4hrliche Actitudes MeetUp: Den \u00d6kozyklus nachhaltiger Teams leben"},"content":{"rendered":"<section class=\"bde-section-113695-100 bde-section\">\n  \n  \n\t\n\n\n\n<div class=\"section-container\"><div class=\"bde-video-113695-102 bde-video\">\n<div class=\"ee-video-container\">\n                                                                        \n                <lite-youtube\n                        videoid=\"3FfFxAMn2qM\"\n                                                style=\"background-image:inherit; \"\n                        class=\"ee-video lazyload\"\n                        title=\"\"\n                        params=\"&playsinline=0&rel=0&enablejsapi=1\"\n                 data-bg-image=\"url(https:\/\/i.ytimg.com\/vi\/3FfFxAMn2qM\/maxresdefault.jpg)\">\n                <\/lite-youtube>\n                    \n        \n            \n    <\/div>\n\n<\/div><div class=\"bde-rich-text-113695-101 bde-rich-text breakdance-rich-text-styles\">\n<h3>\u00a0<\/h3>\n<h3>Bei unserem Actitudes MeetUp im Juni konnten wir diesen \u00d6kozyklus in Lebensgr\u00f6\u00dfe (und in der Natur) erleben!<\/h3>\n<p>Bilder teilen mit diesem sch\u00f6nen Recap-Video, erstellt von ELIUM in der wundersch\u00f6nen Umgebung von Cr\u00eat B\u00e9rard.<\/p>\n<ul>\n<li>Dieser Tag war einer dieser \u201cGeschenkmomente\u201d in unserem Jahr. Also DANKE f\u00fcr eure Anwesenheit, unsere Gespr\u00e4che, unsere Teilnahmen sowie euer so wertvolles und motivierendes Feedback!<\/li>\n<li>Dieser Tag brachte sowohl Facilitator\u00b7innen als auch Leader und im weiteren Sinne echte Botschafter\u00b7innen des Wandels hin zu nachhaltigeren Teams und Organisationen zusammen.<\/li>\n<li>Dieser Tag war haupts\u00e4chlich dem Austausch von Erfahrungen und Best Practices zwischen Organisationen rund um nachhaltige Teams gewidmet, sowohl auf der Ebene der organisatorischen, managerialen, HR-Praktiken als auch der Begleitung von Ver\u00e4nderungen.<\/li>\n<li>Dieser Tag hat uns auch gezeigt, dass das \u00d6kozyklus-Modell ein echtes Transformationsmodell ist...:<\/li>\n<\/ul>\n<p>\u00a0<\/p>\n<h4>\u00abUrspr\u00fcnglich hatten wir dieses Erlebnis und dieses Tagesformat \u201cDen \u00d6kozyklus in Lebensgr\u00f6\u00dfe (und in der Natur!) erleben\u201d nur f\u00fcr dieses MeetUp konzipiert. Aber die R\u00fcckmeldungen und Erfahrungen auf individueller und kollektiver Ebene waren so transformativ, dass wir dieses Format Teams und Organisationen zur Verf\u00fcgung stellen werden, die mit diesem Ansatz an Ver\u00e4nderungen \/ Transformationen arbeiten m\u00f6chten, indem sie Erlebnisse und partizipative Workshops kombinieren.\u00bb<\/h4>\n<p>Frederic Meuwly und Clarissa Nicolet, f\u00fcr die Moderation dieses Tages.<br \/><br \/>Wenn Sie das anspricht, laden wir Sie ein, das Programm \u201cNachhaltige Teams: Ver\u00e4nderungen mit dem \u00d6kozyklus nachhaltiger Teams begleiten\" zu entdecken.\"<\/p>\n<p>Und wir freuen uns schon jetzt riesig darauf, diesen Actitudes MeetUp-Tag n\u00e4chstes Jahr zu wiederholen: am Donnerstag, den 18. Juni 2026, um genau zu sein, am selben Ort, um erneut einen inspirierenden Tag des Erfahrungsaustauschs, der Best Practices und des gemeinsamen Treffens zu erleben. Reservieren Sie also das Datum in Ihrem Kalender und sichern Sie sich Ihren Platz, indem Sie sich jetzt anmelden!<\/p>\n<p>\u00a0<\/p>\n<\/div><div class=\"bde-button-113695-103 bde-button\">\n        \n    \n    \n    \n    \n            \n                    \n            \n            \n\n    \n    \n    \n    \n    \n    <a class=\"breakdance-link button-atom button-atom--primary bde-button__button\" href=\"https:\/\/actitudes.ch\/de\/losung\/programm-fur-nachhaltige-teams-zur-begleitung-von-veranderungen-mit-dem-okozyklus-nachhaltiger-teams\/\" target=\"_self\" data-type=\"url\"  >\n\n    \n        <span class=\"button-atom__text\">Erlebnisprogramm Ver\u00e4nderungen mit dem \u00d6kozyklus nachhaltiger Teams begleiten<\/span>\n\n        \n        \n                <\/a>\n\n    \n\n\n<\/div><div class=\"bde-rich-text-113695-106 bde-rich-text breakdance-rich-text-styles\">\n<p>\u00a0<\/p>\n<p>\u00a0<\/p>\n<\/div><div class=\"bde-button-113695-104 bde-button\">\n        \n    \n    \n    \n    \n            \n                    \n            \n            \n\n    \n    \n    \n    \n    \n    <a class=\"breakdance-link button-atom button-atom--primary bde-button__button\" href=\"https:\/\/actitudes.ch\/de\/veranstaltung\/meetup-actitudes-18-juni-2026\/\" target=\"_self\" data-type=\"url\"  >\n\n    \n        <span class=\"button-atom__text\">Anmeldungen zum MeetUp am 18. Juni 2026 <\/span>\n\n        \n        \n                <\/a>\n\n    \n\n\n<\/div><div class=\"bde-rich-text-113695-105 bde-rich-text breakdance-rich-text-styles\">\n<p>\u00a0<\/p>\n<p>In den kommenden Monaten: Interviews mit Teilnehmer\u00b7innen, die uns von ihren Erfahrungen mit dem \u00d6kozyklus an diesem Tag erz\u00e4hlen \u2026 !\u00a0<\/p>\n<\/div><\/div>\n<\/section>","protected":false},"excerpt":{"rendered":"<p>\u00a0 Lors de notre MeetUp Actitudes de juin, nous avons pu Vivre cet Ecocycle en grandeur nature (et en nature) ! Partage en images avec cette belle vid\u00e9o r\u00e9cap r\u00e9alis\u00e9e [&hellip;]<\/p>\n","protected":false},"author":6,"featured_media":113699,"comment_status":"closed","ping_status":"open","sticky":false,"template":"","format":"standard","meta":{"_acf_changed":false,"_price":"","_stock":"","_tribe_ticket_header":"","_tribe_default_ticket_provider":"","_tribe_ticket_capacity":"0","_ticket_start_date":"","_ticket_end_date":"","_tribe_ticket_show_description":"","_tribe_ticket_show_not_going":false,"_tribe_ticket_use_global_stock":"","_tribe_ticket_global_stock_level":"","_global_stock_mode":"","_global_stock_cap":"","_tribe_rsvp_for_event":"","_tribe_ticket_going_count":"","_tribe_ticket_not_going_count":"","_tribe_tickets_list":"[]","_tribe_ticket_has_attendee_info_fields":false,"_breakdance_hide_in_design_set":false,"_breakdance_tags":"","wds_primary_category":253,"footnotes":""},"categories":[273,253,187],"tags":[],"class_list":["post-113695","post","type-post","status-publish","format-standard","has-post-thumbnail","hentry","category-accompagner-les-changements","category-meetup-actitudes","category-video"],"acf":[],"_links":{"self":[{"href":"https:\/\/actitudes.ch\/de\/wp-json\/wp\/v2\/posts\/113695","targetHints":{"allow":["GET"]}}],"collection":[{"href":"https:\/\/actitudes.ch\/de\/wp-json\/wp\/v2\/posts"}],"about":[{"href":"https:\/\/actitudes.ch\/de\/wp-json\/wp\/v2\/types\/post"}],"author":[{"embeddable":true,"href":"https:\/\/actitudes.ch\/de\/wp-json\/wp\/v2\/users\/6"}],"replies":[{"embeddable":true,"href":"https:\/\/actitudes.ch\/de\/wp-json\/wp\/v2\/comments?post=113695"}],"version-history":[{"count":2,"href":"https:\/\/actitudes.ch\/de\/wp-json\/wp\/v2\/posts\/113695\/revisions"}],"predecessor-version":[{"id":123311,"href":"https:\/\/actitudes.ch\/de\/wp-json\/wp\/v2\/posts\/113695\/revisions\/123311"}],"wp:featuredmedia":[{"embeddable":true,"href":"https:\/\/actitudes.ch\/de\/wp-json\/wp\/v2\/media\/113699"}],"wp:attachment":[{"href":"https:\/\/actitudes.ch\/de\/wp-json\/wp\/v2\/media?parent=113695"}],"wp:term":[{"taxonomy":"category","embeddable":true,"href":"https:\/\/actitudes.ch\/de\/wp-json\/wp\/v2\/categories?post=113695"},{"taxonomy":"post_tag","embeddable":true,"href":"https:\/\/actitudes.ch\/de\/wp-json\/wp\/v2\/tags?post=113695"}],"curies":[{"name":"wp","href":"https:\/\/api.w.org\/{rel}","templated":true}]}}