

{"id":123017,"date":"2025-11-26T09:27:38","date_gmt":"2025-11-26T08:27:38","guid":{"rendered":"https:\/\/actitudes.ch\/?p=123017"},"modified":"2025-12-10T10:02:37","modified_gmt":"2025-12-10T09:02:37","slug":"performance-management-prozess-bei-der-raiffeisenbank-integration-einer-kollektiven-dimension-in-den-prozess","status":"publish","type":"post","link":"https:\/\/actitudes.ch\/de\/processus-de-gestion-de-la-performance-a-la-banque-raiffeisen-integration-dune-dimension-collective-dans-le-processus\/","title":{"rendered":"Performance-Management-Prozess bei der Raiffeisenbank: Integration einer kollektiven Dimension in den Prozess"},"content":{"rendered":"<section class=\"bde-section-123017-100 bde-section\">\n  \n  \n\t\n\n\n\n<div class=\"section-container\"><div class=\"bde-rich-text-123017-101 bde-rich-text breakdance-rich-text-styles\">\n<h3>Einblicke einer inspirierenden F\u00fchrungspers\u00f6nlichkeit<\/h3>\n<\/div><div class=\"bde-rich-text-123017-102 bde-rich-text breakdance-rich-text-styles\">\n<p>\u00a0<\/p>\n<p>R\u00fcckblick auf das MeetUp vom 17. November, bei dem wir das Gl\u00fcck hatten, den reichhaltigen Beitrag von Laure Baltischwiler, stellvertretende Leiterin des Bereichs Ressourcen bei der Raiffeisenbank Gros-de-Vaud und Facilitatorin f\u00fcr nachhaltige Teams, zum Thema h\u00f6ren durften:<\/p>\n<h4>J\u00e4hrlicher Bewertungsprozess innerhalb der BRDGV: Wie die erweiterte Gesch\u00e4ftsleitung (DirEl) der Bank beschlossen hat, die 18 Treiber f\u00fcr nachhaltige Teams zur Unterst\u00fctzung der Definition kollektiver Jahresziele pro Team zu integrieren.<\/h4>\n<p><br \/>W\u00e4hrend dieses spannenden und informationsreichen MeetUps erz\u00e4hlt uns Laure, wie sie derzeit partizipative Workshops f\u00fcr jedes Team der BRDGV leitet, mit dem Ziel, die Reflexion und die Definition eines gemeinsamen Teamziels f\u00fcr das kommende Jahr zu unterst\u00fctzen. <br \/><br \/><strong>W\u00e4hrend dieses partizipativen Workshops, den Laure uns beschreibt, nutzt sie die 18 Treiber f\u00fcr nachhaltige Teams, um einen \u201cScan\u201d des Teamzustands durchzuf\u00fchren und ihren Mitgliedern zu erm\u00f6glichen, ihre Bed\u00fcrfnisse, Visionen und Handlungspriorit\u00e4ten in jeder Dimension (Treiber) auszudr\u00fccken. Das Team definiert anschlie\u00dfend eine Handlungspriorit\u00e4t f\u00fcr das Jahr (mithilfe von Holzfiguren f\u00fcr die Abstimmung) und st\u00fctzt sich dann auf START STOP CONTINUE und das SMART-Modell, um ein passendes Teamziel f\u00fcr das Jahr zu definieren.<\/strong> <br \/><br \/>Im Anschluss an Lauras Beitrag wurde die beim MeetUp anwesende Gruppe eingeladen, in Untergruppen \u00fcber die Frage nachzudenken:<\/p>\n<h4><br \/>\u201cUnd Sie, wie stellen Sie sich vor, die 18 Treiber in einen organisationalen Leistungsprozess zu integrieren?\u201d<\/h4>\n<p><br \/><strong>Hier sind einige wichtige Elemente &amp; Ideen, die von der Gruppe geteilt wurden, wie diese 18 Actitudes\u00ae-Treiber genutzt werden k\u00f6nnen:<\/strong><\/p>\n<ul>\n<li>Die 18 Treiber auf organisationaler, F\u00fchrungs- und Teamebene als gemeinsame Sprache nutzen<\/li>\n<li>und um den Austausch zwischen Teams, abteilungs\u00fcbergreifend und auch innerhalb von Teams zu f\u00f6rdern.<\/li>\n<li>Zur Unterst\u00fctzung von 1:1-Gespr\u00e4chen, bilateralen Austauschen, um die eigenen Bed\u00fcrfnisse und St\u00e4rken zwischen Kollegen, mit dem\/der Manager\/in, dem\/der Mitarbeiter\/in zu verstehen.<\/li>\n<li>3 Treiber f\u00fcr das Jahr auf organisationaler Ebene ausw\u00e4hlen<\/li>\n<li>Auf die Abstimmung und das Gleichgewicht der Initiativen auf verschiedenen Ebenen achten: organisational, Team und individuell.<\/li>\n<li>Die Treiber nutzen, um an den \u201cgro\u00dfen Herausforderungen\u201d auf organisationaler Ebene zu arbeiten<\/li>\n<\/ul>\n<p><br \/>Vielen Dank f\u00fcr deinen wertvollen Beitrag, Laure, sowie f\u00fcr eure wertvollen Beitr\u00e4ge, liebe Teilnehmer\/innen des MeetUps!<\/p>\n<p>\u00a0<\/p>\n<\/div><img decoding=\"async\" class=\"bde-image2-123017-105 bde-image2 lazyload\" data-src=\"https:\/\/actitudes.ch\/wp-content\/uploads\/MeetUp-Actitudes\u00ae17-novembre-2025.jpg\" data-srcset=\"https:\/\/actitudes.ch\/wp-content\/uploads\/MeetUp-Actitudes\u00ae17-novembre-2025.jpg 1200w, https:\/\/actitudes.ch\/wp-content\/uploads\/MeetUp-Actitudes\u00ae17-novembre-2025-800x388.jpg 800w, https:\/\/actitudes.ch\/wp-content\/uploads\/MeetUp-Actitudes\u00ae17-novembre-2025-768x372.jpg 768w, https:\/\/actitudes.ch\/wp-content\/uploads\/MeetUp-Actitudes\u00ae17-novembre-2025-900x437.jpg 900w\" data-sizes=\"(max-width: 1200px) 100vw, 1200px\" src=\"data:image\/svg+xml;base64,PHN2ZyB3aWR0aD0iMSIgaGVpZ2h0PSIxIiB4bWxucz0iaHR0cDovL3d3dy53My5vcmcvMjAwMC9zdmciPjwvc3ZnPg==\" style=\"--smush-placeholder-width: 1200px; --smush-placeholder-aspect-ratio: 1200\/582;\"><div class=\"bde-rich-text-123017-104 bde-rich-text breakdance-rich-text-styles\">\n<p>\u00a0<\/p>\n<p><span style=\"font-weight: 400;\">Und wenn Sie uns bei unseren n\u00e4chsten MeetUps <\/span><span style=\"font-weight: 400;\">Actitudes\u00ae beitreten m\u00f6chten, die Anmeldungen sind kostenlos und f\u00fcr alle offen!<\/span><\/p>\n<h3><b>Was sind die MeetUp Actitudes\u00ae?<\/b><\/h3>\n<p><span style=\"font-weight: 400;\">Die MeetUp Actitudes\u00ae sind interaktive Sessions zum Austausch bew\u00e4hrter Praktiken rund um nachhaltige Teams. Diese einst\u00fcndigen Sessions finden per Zoom statt, sind f\u00fcr alle offen und haben zum Ziel:<\/span><\/p>\n<ul>\n<li><span style=\"font-weight: 400;\">Teilen, was in der Community \u201cnachhaltige Teams\u201d geschieht\u201d<\/span><\/li>\n<li><span style=\"font-weight: 400;\">Silos aufbrechen und den Austausch zwischen verschiedenen Berufsfeldern erm\u00f6glichen<\/span><\/li>\n<li><span style=\"font-weight: 400;\">Verbindungen zwischen Gleichgesinnten schaffen, sich mit Personen austauschen, die \u00e4hnliche Herausforderungen teilen, und von gegenseitigen Perspektiven profitieren<\/span><\/li>\n<li><span style=\"font-weight: 400;\">Neue Wege zur Verbesserung der Leistung Ihrer Teams aufzeigen<\/span><\/li>\n<\/ul>\n<p>Bis bald bei einem unserer n\u00e4chsten MeetUps.<\/p>\n<p>\u00a0<\/p>\n<\/div><div class=\"bde-button-123017-103 bde-button\">\n        \n    \n    \n    \n    \n            \n                    \n            \n            \n\n    \n    \n    \n    \n    \n    <a class=\"breakdance-link button-atom button-atom--primary bde-button__button\" href=\"https:\/\/actitudes.ch\/de\/evenements\/\" target=\"_self\" data-type=\"url\"  >\n\n    \n        <span class=\"button-atom__text\">Anmeldung zu den MeetUp Actitudes<\/span>\n\n        \n        \n                <\/a>\n\n    \n\n\n<\/div><\/div>\n<\/section>","protected":false},"excerpt":{"rendered":"<p>Partage d&#8217;une Leader inspirante \u00a0 Retour sur le MeetUp du 17 novembre durant lequel nous avons eu la chance d\u2019\u00e9couter le partage riche de Laure Baltischwiler, Sous-directrice Responsable du service [&hellip;]<\/p>\n","protected":false},"author":6,"featured_media":123018,"comment_status":"closed","ping_status":"open","sticky":false,"template":"","format":"standard","meta":{"_acf_changed":false,"_price":"","_stock":"","_tribe_ticket_header":"","_tribe_default_ticket_provider":"","_tribe_ticket_capacity":"0","_ticket_start_date":"","_ticket_end_date":"","_tribe_ticket_show_description":"","_tribe_ticket_show_not_going":false,"_tribe_ticket_use_global_stock":"","_tribe_ticket_global_stock_level":"","_global_stock_mode":"","_global_stock_cap":"","_tribe_rsvp_for_event":"","_tribe_ticket_going_count":"","_tribe_ticket_not_going_count":"","_tribe_tickets_list":"[]","_tribe_ticket_has_attendee_info_fields":false,"_breakdance_hide_in_design_set":false,"_breakdance_tags":"","wds_primary_category":198,"footnotes":""},"categories":[172,198,256,158],"tags":[],"class_list":["post-123017","post","type-post","status-publish","format-standard","has-post-thumbnail","hentry","category-objectifs-inspirants-pour-les-individus-le-team","category-chroniques-des-equipes-durables","category-developpement-organisationnel","category-equipes-durables"],"acf":[],"_links":{"self":[{"href":"https:\/\/actitudes.ch\/de\/wp-json\/wp\/v2\/posts\/123017","targetHints":{"allow":["GET"]}}],"collection":[{"href":"https:\/\/actitudes.ch\/de\/wp-json\/wp\/v2\/posts"}],"about":[{"href":"https:\/\/actitudes.ch\/de\/wp-json\/wp\/v2\/types\/post"}],"author":[{"embeddable":true,"href":"https:\/\/actitudes.ch\/de\/wp-json\/wp\/v2\/users\/6"}],"replies":[{"embeddable":true,"href":"https:\/\/actitudes.ch\/de\/wp-json\/wp\/v2\/comments?post=123017"}],"version-history":[{"count":5,"href":"https:\/\/actitudes.ch\/de\/wp-json\/wp\/v2\/posts\/123017\/revisions"}],"predecessor-version":[{"id":123025,"href":"https:\/\/actitudes.ch\/de\/wp-json\/wp\/v2\/posts\/123017\/revisions\/123025"}],"wp:featuredmedia":[{"embeddable":true,"href":"https:\/\/actitudes.ch\/de\/wp-json\/wp\/v2\/media\/123018"}],"wp:attachment":[{"href":"https:\/\/actitudes.ch\/de\/wp-json\/wp\/v2\/media?parent=123017"}],"wp:term":[{"taxonomy":"category","embeddable":true,"href":"https:\/\/actitudes.ch\/de\/wp-json\/wp\/v2\/categories?post=123017"},{"taxonomy":"post_tag","embeddable":true,"href":"https:\/\/actitudes.ch\/de\/wp-json\/wp\/v2\/tags?post=123017"}],"curies":[{"name":"wp","href":"https:\/\/api.w.org\/{rel}","templated":true}]}}