

{"id":123714,"date":"2025-11-19T16:26:46","date_gmt":"2025-11-19T15:26:46","guid":{"rendered":"https:\/\/actitudes.ch\/?p=123714"},"modified":"2025-12-18T16:46:10","modified_gmt":"2025-12-18T15:46:10","slug":"wie-man-die-18-schlusselfaktoren-sowie-den-ansatz-nachhaltiger-teams-zur-unterstutzung-auf-ebene-der-organisatorischen-hr-prozesse-integriert","status":"publish","type":"post","link":"https:\/\/actitudes.ch\/de\/comment-integrer-les-18-facteurs-cles-ainsi-que-lapproche-equipes-durables-en-soutien-au-niveau-de-processus-rh-organisationnels\/","title":{"rendered":"Wie k\u00f6nnen die 18 Treiber sowie der Ansatz der nachhaltigen Teams zur Unterst\u00fctzung auf Ebene der organisationalen HR-Prozesse integriert werden?"},"content":{"rendered":"<section class=\"bde-section-123714-100 bde-section\">\n  \n  \n\t\n\n\n\n<div class=\"section-container\"><div class=\"bde-rich-text-123714-104 bde-rich-text breakdance-rich-text-styles\">\n<p id=\"ember2428\" class=\"ember-view reader-text-block__paragraph\">Unsere letzte Intervision f\u00fcr Facilitator\u00b7innen versammelte eine Gruppe von Facilitator\u00b7innen, von denen mehrere auch die Rolle als HR-Leader oder Leader in ihren Organisationen innehatten.<\/p>\n<p id=\"ember2429\" class=\"ember-view reader-text-block__paragraph\">Diese Session hatte die spezifische Absicht, der anwesenden Gruppe zu erm\u00f6glichen, mehrere Ideen und Ans\u00e4tze zu ko-generieren und ko-entwickeln rund um:<\/p>\n<p id=\"ember2430\" class=\"ember-view reader-text-block__paragraph\"><strong>\u00abWie k\u00f6nnen die 18 Treiber sowie der Ansatz nachhaltiger Teams zur Unterst\u00fctzung auf Ebene der organisationalen HR-Prozesse integriert werden?\u00bb<\/strong><\/p>\n<p id=\"ember2432\" class=\"ember-view reader-text-block__paragraph\">Zur Erinnerung: Die 18 Treiber f\u00fcr nachhaltige Teams sind Teil eines integrierten Modells der Organisations- und Teamentwicklung. In diesem Video fasst Fr\u00e9d\u00e9ric Meuwly, Gr\u00fcnder von Actitudes und des Ansatzes, uns die 18 Treiber zusammen, dargestellt in Form eines Baumes:<\/p>\n<p>\u00a0<\/p>\n<\/div><div class=\"bde-video-123714-102 bde-video\">\n<div class=\"ee-video-container\">\n                                                                        \n                <lite-youtube\n                        videoid=\"zyx974LxLo4\"\n                                                style=\"background-image:inherit; \"\n                        class=\"ee-video lazyload\"\n                        title=\"\"\n                        params=\"&playsinline=0&rel=0&enablejsapi=1\"\n                 data-bg-image=\"url(https:\/\/i.ytimg.com\/vi\/zyx974LxLo4\/maxresdefault.jpg)\">\n                <\/lite-youtube>\n                    \n        \n            \n    <\/div>\n\n<\/div><div class=\"bde-rich-text-123714-107 bde-rich-text breakdance-rich-text-styles\">\n<h3>\u00a0<\/h3>\n<h3 id=\"ember2437\" class=\"ember-view reader-text-block__heading-3\">Die vom Team entwickelten Diskussionen und Ans\u00e4tze waren so reichhaltig und vielversprechend, dass wir versuchen m\u00f6chten, einige Kernideen in diesem Whitepaper zu teilen.<\/h3>\n<p>\u00a0<\/p>\n<p id=\"ember2439\" class=\"ember-view reader-text-block__paragraph\">Vielen Dank an Laila Merval, Andrea Zahno, Laure Baltischwiler, Guy Zehnder, Anne-Laure Egger-Dormond - Coach PCC, Nicolas Ecknauer, Julien Weyer und Marco Mancesti f\u00fcr Ihre wertvollen Beitr\u00e4ge zu dieser Session und an Frederic Meuwly und Clarissa Nicolet f\u00fcr die Moderation der Session.<\/p>\n<p id=\"ember2450\" class=\"ember-view reader-text-block__paragraph\">Diese Arbeitssitzung, die es der Gruppe zun\u00e4chst erm\u00f6glichte, \u00fcber vielf\u00e4ltige Ideen und den Austausch bew\u00e4hrter Praktiken nachzudenken; und dann in einem zweiten Schritt diese Ans\u00e4tze tiefergehend zu ko-entwickeln.<\/p>\n<p>\u00a0<\/p>\n<p id=\"ember2451\" class=\"ember-view reader-text-block__paragraph\"><strong>Die Idee war, dar\u00fcber nachzudenken, wie die 18 Treiber sowie der Ansatz \u201cnachhaltige Teams\u201d in die <\/strong><strong><em>verschiedenen Ebenen<\/em><\/strong><strong>:<\/strong><\/p>\n<ol>\n<li>sowohl des Lebenszyklus <strong>der Mitarbeiter\u00b7innen<\/strong><\/li>\n<li>der Erfahrung des\u2019<strong>Teams <\/strong><\/li>\n<li>sowie der <strong>F\u00fchrung<\/strong> (Organisation, Teamleiter und im weiteren Sinne der F\u00fchrungskr\u00e4fte)<\/li>\n<\/ol>\n<h2 id=\"ember2453\" class=\"ember-view reader-text-block__heading-2\">Einige Kernideen:<\/h2>\n<h3 id=\"ember2454\" class=\"ember-view reader-text-block__heading-3\">Talentattraktivit\u00e4t, Unternehmensimage, Organisationskultur, Onboarding:<\/h3>\n<ul>\n<li>Die 18 Treiber f\u00fcr nachhaltige Teams nutzen k\u00f6nnen, um eine Organisationskultur, eine gemeinsame interne (und auch externe) Sprache, Stakeholder und zuk\u00fcnftige Mitarbeiter\u00b7innen bereits in der Rekrutierungs- und Talentgewinnungsphase zu entwickeln.<\/li>\n<li>Diese Treiber in Stellen- und Kompetenzbeschreibungen integrieren<\/li>\n<li>Sie in ein Referenzsystem f\u00fcr organisationale Kompetenzen integrieren<\/li>\n<li>Eine Beschreibung der daraus resultierenden Verhaltensweisen und Einstellungen entwickeln, die man in der Organisation sehen m\u00f6chte<\/li>\n<li>Eine entwickeln <em>Unternehmenszertifizierung<\/em> vom Typ \u201cfriendly workplaces\u201d, die zum Beispiel \u201csustainable workplaces\u201d hei\u00dfen k\u00f6nnte, um das Arbeitgeberimage zu f\u00f6rdern.<\/li>\n<\/ul>\n<h3 id=\"ember2456\" class=\"ember-view reader-text-block__heading-3\">Leistungsentwicklung und -management:<\/h3>\n<ul>\n<li>Ein Ziel rund um die Treiber in die Leistungsbeurteilung (individuell und kollektiv) integrieren.<\/li>\n<li>Die 18 Faktoren mit einem Kompetenzrahmen verkn\u00fcpfen (insbesondere von <em>Soft Skills<\/em>).<\/li>\n<li>Die 18 Faktoren als Grundlage f\u00fcr einen klaren und strukturierenden 360-Grad-Entwicklungsplan nutzen.<\/li>\n<\/ul>\n<h3 id=\"ember2458\" class=\"ember-view reader-text-block__heading-3\">Teamleben \/ Management<\/h3>\n<ul>\n<li>Eine Charta f\u00fcr Teams erstellen, in der die 18 Faktoren mit konkreten Verhaltensweisen und Praktiken verkn\u00fcpft werden. Den TeamScan nutzen, um die Hebel zur Verbesserung \u00fcber die 18 Treiber zu bestimmen.<\/li>\n<li>Das Kartenspiel mit den 18 Treiber oder andere Karten f\u00fcr eine \"Tageswetterlage\" bei Einzelgespr\u00e4chen zwischen Manager und Mitarbeiter verwenden.<\/li>\n<li>Die 18 Faktoren in die Management-Schulungen integrieren, um sie besser mit den t\u00e4glichen Praktiken zu verkn\u00fcpfen.<\/li>\n<li>In den Gespr\u00e4chen ein oder zwei spezifische Fragen stellen, die mit einem als wichtig erachteten Faktor zusammenh\u00e4ngen.<\/li>\n<\/ul>\n<h3 id=\"ember2460\" class=\"ember-view reader-text-block__heading-3\">Ende des Arbeitsvertrags \/ Trennung<\/h3>\n<ul>\n<li>Die Trennung unter den besten Bedingungen gestalten, mit einer Entwicklungsperspektive f\u00fcr den Mitarbeiter.<\/li>\n<\/ul>\n<h3>\u00a0<\/h3>\n<h3 id=\"ember2462\" class=\"ember-view reader-text-block__heading-3\">Schlie\u00dflich ist ein wesentlicher Punkt, der aus den \u00dcberlegungen der Gruppe hervorgeht, die M\u00f6glichkeit, die 18 Treiber auf verschiedenen Ebenen zu integrieren: organisational, Teamebene und individuell. Und die M\u00f6glichkeit, \u2013 je nach Bedarf \u2013 sowohl eine globale Richtlinie durch die Organisation vorzuschlagen \u2013 mit Anpassungen je nach den Bed\u00fcrfnissen jedes Teams.<\/h3>\n<p>\u00a0<\/p>\n<p id=\"ember2464\" class=\"ember-view reader-text-block__paragraph\">Und da ein Bild manchmal mehr als tausend Worte sagt, teilen wir hier noch einen Bildausschnitt des <strong>Gruppe der anwesenden beitragenden Facilitator\u00b7innen w\u00e4hrend dieser Intervision<\/strong>:<\/p>\n<p>\u00a0<\/p>\n<\/div><img decoding=\"async\" class=\"bde-image2-123714-108 bde-image2 lazyload\" data-src=\"https:\/\/actitudes.ch\/wp-content\/uploads\/Intervision-et-article-blanc-Team-450x450.png\" data-srcset=\"https:\/\/actitudes.ch\/wp-content\/uploads\/Intervision-et-article-blanc-Team-450x450.png 450w, https:\/\/actitudes.ch\/wp-content\/uploads\/Intervision-et-article-blanc-Team-300x300.png 300w\" data-sizes=\"(max-width: 450px) 100vw, 450px\" src=\"data:image\/svg+xml;base64,PHN2ZyB3aWR0aD0iMSIgaGVpZ2h0PSIxIiB4bWxucz0iaHR0cDovL3d3dy53My5vcmcvMjAwMC9zdmciPjwvc3ZnPg==\" style=\"--smush-placeholder-width: 450px; --smush-placeholder-aspect-ratio: 450\/450;\"><div class=\"bde-rich-text-123714-106 bde-rich-text breakdance-rich-text-styles\">\n<p>\u00a0<\/p>\n<p>mit ihrem <strong>Arbeits-Board (Auszug aus <\/strong><strong><em>Mural<\/em><\/strong><strong>) am Ende dieser Arbeitssitzung<\/strong>:<\/p>\n<p>\u00a0<\/p>\n<\/div><img decoding=\"async\" class=\"bde-image2-123714-105 bde-image2 lazyload\" data-src=\"https:\/\/actitudes.ch\/wp-content\/uploads\/Intervision-et-article-blanc-Board.png\" data-srcset=\"https:\/\/actitudes.ch\/wp-content\/uploads\/Intervision-et-article-blanc-Board.png 1488w, https:\/\/actitudes.ch\/wp-content\/uploads\/Intervision-et-article-blanc-Board-800x501.png 800w, https:\/\/actitudes.ch\/wp-content\/uploads\/Intervision-et-article-blanc-Board-1400x877.png 1400w, https:\/\/actitudes.ch\/wp-content\/uploads\/Intervision-et-article-blanc-Board-768x481.png 768w, https:\/\/actitudes.ch\/wp-content\/uploads\/Intervision-et-article-blanc-Board-900x564.png 900w\" data-sizes=\"(max-width: 1488px) 100vw, 1488px\" src=\"data:image\/svg+xml;base64,PHN2ZyB3aWR0aD0iMSIgaGVpZ2h0PSIxIiB4bWxucz0iaHR0cDovL3d3dy53My5vcmcvMjAwMC9zdmciPjwvc3ZnPg==\" style=\"--smush-placeholder-width: 1488px; --smush-placeholder-aspect-ratio: 1488\/932;\"><div class=\"bde-rich-text-123714-103 bde-rich-text breakdance-rich-text-styles\">\n<p>\u00a0<\/p>\n<p id=\"ember2470\" class=\"ember-view reader-text-block__heading-3\">Und um tiefer einzusteigen... :<\/p>\n<p id=\"ember2471\" class=\"ember-view reader-text-block__heading-3\">Aber was sind eigentlich \u201cnachhaltige Teams\u201d? zweites Video von Fr\u00e9d\u00e9ric Meuwly:<\/p>\n<p>\u00a0<\/p>\n<\/div><div class=\"bde-video-123714-101 bde-video\">\n<div class=\"ee-video-container\">\n                                                                        \n                <lite-youtube\n                        videoid=\"UMcI6yTmLvA\"\n                                                style=\"background-image:inherit; \"\n                        class=\"ee-video lazyload\"\n                        title=\"\"\n                        params=\"&playsinline=0&rel=0&enablejsapi=1\"\n                 data-bg-image=\"url(https:\/\/i.ytimg.com\/vi\/UMcI6yTmLvA\/maxresdefault.jpg)\">\n                <\/lite-youtube>\n                    \n        \n            \n    <\/div>\n\n<\/div><\/div>\n<\/section>","protected":false},"excerpt":{"rendered":"<p>Notre derni\u00e8re intervision facilitateurs\u00b7trices a r\u00e9uni un groupe de facilitateurs\u00b7trices ayant \u00e9galement pour plusieurs d\u2019entre-elles\u00b7eux la casquette de Leader RH ou Leader au sein de leurs organisations. Cette session avait [&hellip;]<\/p>\n","protected":false},"author":6,"featured_media":123715,"comment_status":"closed","ping_status":"open","sticky":false,"template":"","format":"standard","meta":{"_acf_changed":false,"_price":"","_stock":"","_tribe_ticket_header":"","_tribe_default_ticket_provider":"","_tribe_ticket_capacity":"","_ticket_start_date":"","_ticket_end_date":"","_tribe_ticket_show_description":"","_tribe_ticket_show_not_going":false,"_tribe_ticket_use_global_stock":"","_tribe_ticket_global_stock_level":"","_global_stock_mode":"","_global_stock_cap":"","_tribe_rsvp_for_event":"","_tribe_ticket_going_count":"","_tribe_ticket_not_going_count":"","_tribe_tickets_list":"[]","_tribe_ticket_has_attendee_info_fields":false,"_breakdance_hide_in_design_set":false,"_breakdance_tags":"","wds_primary_category":256,"footnotes":""},"categories":[256,158,272],"tags":[],"class_list":["post-123714","post","type-post","status-publish","format-standard","has-post-thumbnail","hentry","category-developpement-organisationnel","category-equipes-durables","category-intervision-facilitateurs-trices"],"acf":[],"_links":{"self":[{"href":"https:\/\/actitudes.ch\/de\/wp-json\/wp\/v2\/posts\/123714","targetHints":{"allow":["GET"]}}],"collection":[{"href":"https:\/\/actitudes.ch\/de\/wp-json\/wp\/v2\/posts"}],"about":[{"href":"https:\/\/actitudes.ch\/de\/wp-json\/wp\/v2\/types\/post"}],"author":[{"embeddable":true,"href":"https:\/\/actitudes.ch\/de\/wp-json\/wp\/v2\/users\/6"}],"replies":[{"embeddable":true,"href":"https:\/\/actitudes.ch\/de\/wp-json\/wp\/v2\/comments?post=123714"}],"version-history":[{"count":2,"href":"https:\/\/actitudes.ch\/de\/wp-json\/wp\/v2\/posts\/123714\/revisions"}],"predecessor-version":[{"id":123720,"href":"https:\/\/actitudes.ch\/de\/wp-json\/wp\/v2\/posts\/123714\/revisions\/123720"}],"wp:featuredmedia":[{"embeddable":true,"href":"https:\/\/actitudes.ch\/de\/wp-json\/wp\/v2\/media\/123715"}],"wp:attachment":[{"href":"https:\/\/actitudes.ch\/de\/wp-json\/wp\/v2\/media?parent=123714"}],"wp:term":[{"taxonomy":"category","embeddable":true,"href":"https:\/\/actitudes.ch\/de\/wp-json\/wp\/v2\/categories?post=123714"},{"taxonomy":"post_tag","embeddable":true,"href":"https:\/\/actitudes.ch\/de\/wp-json\/wp\/v2\/tags?post=123714"}],"curies":[{"name":"wp","href":"https:\/\/api.w.org\/{rel}","templated":true}]}}