

{"id":129108,"date":"2025-11-12T10:57:00","date_gmt":"2025-11-12T09:57:00","guid":{"rendered":"https:\/\/actitudes.ch\/?p=129108"},"modified":"2026-02-10T11:03:45","modified_gmt":"2026-02-10T10:03:45","slug":"interview-mit-rachel-zohar-simond-den-wandel-in-organisationen-leben","status":"publish","type":"post","link":"https:\/\/actitudes.ch\/de\/interview-de-rachel-zohar-simond-vivre-le-changement-dans-les-organisations\/","title":{"rendered":"Interview mit Rachel Zohar Simond: Den Wandel in Organisationen leben"},"content":{"rendered":"<section class=\"bde-section-129108-100 bde-section\">\n  \n  \n\t\n\n\n\n<div class=\"section-container\"><div class=\"bde-video-129108-101 bde-video\">\n<div class=\"ee-video-container\">\n                                                                        \n                <lite-youtube\n                        videoid=\"IMloFfxKKUQ\"\n                                                style=\"background-image:inherit; \"\n                        class=\"ee-video lazyload\"\n                        title=\"\"\n                        params=\"&playsinline=0&rel=0&enablejsapi=1\"\n                 data-bg-image=\"url(https:\/\/i.ytimg.com\/vi\/IMloFfxKKUQ\/maxresdefault.jpg)\">\n                <\/lite-youtube>\n                    \n        \n            \n    <\/div>\n\n<\/div><div class=\"bde-rich-text-129108-102 bde-rich-text breakdance-rich-text-styles\">\n<blockquote>\n<p><strong>\u00a0\u00ab Eine Zeit der Selbstreflexion f\u00fcr sich selbst, kombiniert mit einem Austausch mit anderen, um auf dem Weg des Lernens voranzukommen - mit dem Ecocycle \u00bb<\/strong><\/p>\n<\/blockquote>\n<p><br \/>In diesem Interview spricht Rachel Zohar, Master Coach und Facilitatorin bei Actitudes, \u00fcber ihre Erfahrungen mit dem Ecocycle w\u00e4hrend des immersiven MeetUp Actitudes\u00ae Tages im Juni 2025 in Cr\u00eat B\u00e9rard.<br \/><br \/>An diesem Tag konnten wir diesen Ecocycle in voller Gr\u00f6\u00dfe (und in der Natur) erleben.<br \/><br \/>Rachel spricht \u00fcber die Bedeutung dieser \u00abPausenzeiten\u00bb, um die verschiedenen Phasen des Wandels \/ der Transformation durchlaufen und weiterkommen zu k\u00f6nnen. <br \/><br \/>Sie erkl\u00e4rt uns auch, dass manchmal die als \u00abFallen\u00bb oder \u00abBlockaden\u00bb wahrgenommenen Elemente auch notwendig sind, um die richtigen Fragen stellen und auf seinem Weg zu neuen L\u00f6sungen gelangen zu k\u00f6nnen.<\/p>\n<h4><br \/>Ihre Schl\u00fcsselw\u00f6rter sind:<\/h4>\n<ul>\n<li>Wandel<\/li>\n<li>Transformation<\/li>\n<li>Introspektion<\/li>\n<li>Austausch<\/li>\n<li>Begeisterung<\/li>\n<\/ul>\n<p><br \/>Wir begleiten Sie gerne bei einer vertieften Erkundung dieses m\u00e4chtigen Werkzeugs, das der \u201cEcocycle\u201d darstellt, und bei konkreten \u00dcbungen zur Umsetzung mit Ihrem Team. Kontaktieren Sie uns, um dies zu besprechen und ein massgeschneidertes Seminar zu entwickeln, das Ihren Bed\u00fcrfnissen entspricht.<br \/><br \/>Ecocycle-Modell adaptiert von: Liberating Structures | Ecocycle Planning | H. Lipmanowicz &amp; K. McCandless.<br \/><br \/>Und wenn Sie sich in unserem Ansatz zur Begleitung von Ver\u00e4nderungen und zur Moderation schulen lassen m\u00f6chten, laden wir Sie ein, an einer unserer n\u00e4chsten zertifizierten Train-the-Trainer Actitudes\u00ae Ausbildungen teilzunehmen.<br \/><br \/>Bis bald auf dem Weg zu nachhaltigen Teams.<\/p>\n<p>\u00a0<\/p>\n<\/div><div class=\"bde-button-129108-103 bde-button\">\n        \n    \n    \n    \n    \n            \n                    \n            \n            \n\n    \n    \n    \n    \n    \n    <a class=\"breakdance-link button-atom button-atom--primary bde-button__button\" href=\"https:\/\/actitudes.ch\/de\/ttt\/\" target=\"_self\" data-type=\"url\"  >\n\n    \n        <span class=\"button-atom__text\">Train-the-Trainer Facilitator*innen<\/span>\n\n        \n        \n                <\/a>\n\n    \n\n\n<\/div><\/div>\n<\/section>","protected":false},"excerpt":{"rendered":"<p>\u00a0\u00ab Un temps d\u2019introspection pour soi combin\u00e9 \u00e0 un partage avec les autres pour avancer sur le chemin de l\u2019apprentissage &#8211; avec l&#8217;Ecocycle \u00bb Dans cette interview, Rachel Zohar, Master [&hellip;]<\/p>\n","protected":false},"author":6,"featured_media":129109,"comment_status":"closed","ping_status":"open","sticky":false,"template":"","format":"standard","meta":{"_acf_changed":false,"_price":"","_stock":"","_tribe_ticket_header":"","_tribe_default_ticket_provider":"","_tribe_ticket_capacity":"","_ticket_start_date":"","_ticket_end_date":"","_tribe_ticket_show_description":"","_tribe_ticket_show_not_going":false,"_tribe_ticket_use_global_stock":"","_tribe_ticket_global_stock_level":"","_global_stock_mode":"","_global_stock_cap":"","_tribe_rsvp_for_event":"","_tribe_ticket_going_count":"","_tribe_ticket_not_going_count":"","_tribe_tickets_list":"[]","_tribe_ticket_has_attendee_info_fields":false,"_breakdance_hide_in_design_set":false,"_breakdance_tags":"","wds_primary_category":273,"footnotes":""},"categories":[273,256,239,187],"tags":[],"class_list":["post-129108","post","type-post","status-publish","format-standard","has-post-thumbnail","hentry","category-accompagner-les-changements","category-developpement-organisationnel","category-facilitation","category-video"],"acf":[],"_links":{"self":[{"href":"https:\/\/actitudes.ch\/de\/wp-json\/wp\/v2\/posts\/129108","targetHints":{"allow":["GET"]}}],"collection":[{"href":"https:\/\/actitudes.ch\/de\/wp-json\/wp\/v2\/posts"}],"about":[{"href":"https:\/\/actitudes.ch\/de\/wp-json\/wp\/v2\/types\/post"}],"author":[{"embeddable":true,"href":"https:\/\/actitudes.ch\/de\/wp-json\/wp\/v2\/users\/6"}],"replies":[{"embeddable":true,"href":"https:\/\/actitudes.ch\/de\/wp-json\/wp\/v2\/comments?post=129108"}],"version-history":[{"count":2,"href":"https:\/\/actitudes.ch\/de\/wp-json\/wp\/v2\/posts\/129108\/revisions"}],"predecessor-version":[{"id":129111,"href":"https:\/\/actitudes.ch\/de\/wp-json\/wp\/v2\/posts\/129108\/revisions\/129111"}],"wp:featuredmedia":[{"embeddable":true,"href":"https:\/\/actitudes.ch\/de\/wp-json\/wp\/v2\/media\/129109"}],"wp:attachment":[{"href":"https:\/\/actitudes.ch\/de\/wp-json\/wp\/v2\/media?parent=129108"}],"wp:term":[{"taxonomy":"category","embeddable":true,"href":"https:\/\/actitudes.ch\/de\/wp-json\/wp\/v2\/categories?post=129108"},{"taxonomy":"post_tag","embeddable":true,"href":"https:\/\/actitudes.ch\/de\/wp-json\/wp\/v2\/tags?post=129108"}],"curies":[{"name":"wp","href":"https:\/\/api.w.org\/{rel}","templated":true}]}}