

{"id":87081,"date":"2023-04-27T10:17:00","date_gmt":"2023-04-27T08:17:00","guid":{"rendered":"https:\/\/actitudes.ch\/"},"modified":"2024-11-12T14:57:03","modified_gmt":"2024-11-12T13:57:03","slug":"kolumne-1-5-mit-ornella-macheda-zuerst-versuchen-vertrauen-aufzubauen","status":"publish","type":"post","link":"https:\/\/actitudes.ch\/de\/chronique-1-5-avec-ornella-macheda-chercher-dabord-a-creer-de-la-confiance\/","title":{"rendered":"Zuerst Vertrauen aufbauen: \u00abChronik nachhaltiger Teams\u00bb mit Ornella Macheda"},"content":{"rendered":"<p><strong>Am Telefon ist die Stimme offen, energisch. Schon beim ersten Wort sp\u00fcrt man eine sch\u00f6ne Energie. Ornella Macheda ist seit 2020 HR-Leiterin beim R\u00e9seau Sant\u00e9 Sarine (RSS). Im folgenden Jahr beschloss sie, Workshops und Reflexionen zur Entwicklung nachhaltiger Teams ins Leben zu rufen.<\/strong><\/p>\n\n\n\n<p>Text von Francesca Sacco<\/p>\n\n\n\n<p><strong><em>Was haben Sie durch dieses Projekt Wichtiges \u00fcber nachhaltige Teams gelernt?<\/em><\/strong><\/p>\n\n\n\n<p>Es ist unerl\u00e4sslich, Energie in die Begleitung der Arbeitsgruppen zu investieren, um das Gelernte im Alltag zu verankern. Es geht darum, Zusammenhalt zu schaffen, und das erfordert Investitionen in Beziehungen und Informelles. Ja, das ist es, was ich gelernt habe, oder vielmehr, was wir erlebt haben. Eine Idee, die in einem Kopf keimt, kann andere begeistern, wenn sie die M\u00f6glichkeit haben zu erfahren, dass es auch f\u00fcr sie eine gute Sache ist. Der HR-Manager muss vom positiven Langzeit-Impact eines Projekts \u00fcberzeugt sein und sich voll und ganz in die Begleitung der Teams einbringen. Tats\u00e4chlich sind unsere Workshops mehr als nur Schulungen, sie sind Beziehungen!<\/p>\n\n\n\n<p><strong><em>Was machen Sie heute anders, nach diesen Workshops?<\/em><\/strong><\/p>\n\n\n\n<p>Was mich im Grunde interessierte, war, Vertrauensbeziehungen zu schaffen und den F\u00fchrungskr\u00e4ften das Engagement zu vermitteln, ihre Teams in diesem Geist weiterzuentwickeln. Denn wenn die Beziehungen gut sind, wagen es die Menschen leichter, ihre Ideen vor ihren Kollegen zu \u00e4u\u00dfern und sind eher bereit, sich in die Funktionsweise der Teams einzubringen. Aus diesem Grund haben wir zun\u00e4chst alle unsere F\u00fchrungskr\u00e4fte geschult. Wir wollten eine nachhaltige Ver\u00e4nderung implementieren \u2013 logisch, da die Workshops darauf abzielen, nachhaltige Teams zu schaffen! Mit dem kleinen Abstand, den ich habe, denke ich, dass dies mein pers\u00f6nliches Verst\u00e4ndnis des Wachstums von Mitarbeitern und Mitarbeiterinnen noch etwas pr\u00e4zisiert hat. Sagen wir, es hat meine Philosophie und meinen Glauben an die grundlegende Bedeutung von Vertrauensbeziehungen gefestigt. Als HR-Leiterin halte ich es f\u00fcr meine Aufgabe, diese \u00dcberzeugung zu verbreiten, denn Vertrauen ist die Basis guter Zusammenarbeit. Und wenn ich h\u00f6re, dass eine Person, die ich begleitet habe, ihren Kollegen empfiehlt, bei Problemen zu mir zu kommen, best\u00e4rkt mich das in dieser Haltung.<\/p>\n\n\n\n<p><strong><em>Was war das Projekt im Gro\u00dfen und Ganzen?<\/em><\/strong><\/p>\n\n\n\n<p>Wir begannen das Experiment also mit den F\u00fchrungskr\u00e4ften des Netzwerks, etwa zwanzig Personen, indem wir einen Mikroprojektansatz w\u00e4hlten, um schnelle und messbare Effekte zu erzielen. Wir wollten vermeiden, in die Falle dieser Ans\u00e4tze zu tappen, deren Ende \u2013 oder manchmal sogar die Ergebnisse \u2013 man nie sieht. Letztendlich beschlossen alle Teilnehmer, weiterzumachen, und das Projekt wurde daher fortgesetzt. Zur Nachbereitung wurden viertelj\u00e4hrliche Fr\u00fchst\u00fccke organisiert, um informelle Momente zu teilen.<\/p>\n\n\n\n<p><strong>Das Projekt in Zahlen<\/strong><\/p>\n\n\n\n<ul class=\"wp-block-list\">\n<li>3 halbt\u00e4gige Workshops<\/li>\n\n\n\n<li>Insgesamt 23 Arbeitsstunden<\/li>\n\n\n\n<li>25 geschulte F\u00fchrungskr\u00e4fte<\/li>\n\n\n\n<li>Eine viertelj\u00e4hrliche Nachbereitung in Form von thematischen Treffen<\/li>\n<\/ul>\n\n\n\n<p><strong>Das Unternehmen in K\u00fcrze<\/strong><\/p>\n\n\n\n<p>Das R\u00e9seau Sant\u00e9 de la Sarine (RSS) besch\u00e4ftigt 400 Personen. Es wurde 2016 gegr\u00fcndet und vereint die 28 Gemeinden des Freiburger Bezirks Saane. Es umfasst ein Pflegeheim mit rund hundert Betten in Villars-sur-Gl\u00e2ne, einen Dienst f\u00fcr h\u00e4usliche Hilfe und Pflege, einen Rettungsdienst, der ein Einzugsgebiet von 100\u2019000 Einwohnern versorgt, und ein Koordinationszentrum.<\/p>\n\n\n\n<p><strong>Die Philosophie der HR-Leiterin<\/strong><\/p>\n\n\n\n<p>Bevor Ornella Macheda zum R\u00e9seau Sant\u00e9 Sarine kam, arbeitete sie im Bereich Rekrutierung bei Merck Schweiz, dann als HR-Verantwortliche bei der Polizei, zun\u00e4chst in Lausanne und dann in Lausanne-West. Im Jahr 2020 wurde sie Leiterin des HR- &amp; Ausbildungsdienstes des RSS. Das Team ist also jung, mit Kompetenzen und Charakteren, die sie als sehr komplement\u00e4r beschreibt. Von Anfang an machte Ornella Macheda ihre Beziehungen zum Personal zur Priorit\u00e4t. Sie beschloss daher, alle zu treffen. \u00abIch wollte wissen, was die Leute taten, mich in ihren Alltag einf\u00fchlen, ihre Berufe verstehen. Also begann ich mit Praktika in den Abteilungen.\u00bb Dann widmete sie sich der St\u00e4rkung der Beziehungen, zum Beispiel durch die Organisation von Veranstaltungen innerhalb des Netzwerks. Die seit 2021 organisierten Workshops zur Entwicklung nachhaltiger Teams sind eine Fortsetzung davon.<\/p>\n\n\n\n<p><strong>Setzen wir den Austausch mit Ornella Macheda fort<\/strong><strong>ort bei unserem n\u00e4chsten MeetUp Actitudes\u2122:&nbsp;<\/strong><\/p>\n\n\n\n<p><strong>am Montag, 15. Mai von 11:30 bis 12:30 Uhr (per Videokonferenz)&nbsp;<\/strong><\/p>\n\n\n\n<p>Anmeldung (kostenlos) zum n\u00e4chsten MeetUp Actitudes\u2122:&nbsp;<a href=\"https:\/\/lnkd.in\/g4c-kRZv\">https:\/\/lnkd.in\/g4c-kRZv<\/a><\/p>","protected":false},"excerpt":{"rendered":"<p>Chroniken nachhaltiger Teams mit Ornella Macheda, von Francesca Sacco f\u00fcr Actitudes\u2122.<\/p>","protected":false},"author":6,"featured_media":97400,"comment_status":"closed","ping_status":"open","sticky":false,"template":"","format":"standard","meta":{"_acf_changed":false,"_price":"","_stock":"","_tribe_ticket_header":"","_tribe_default_ticket_provider":"","_tribe_ticket_capacity":"0","_ticket_start_date":"","_ticket_end_date":"","_tribe_ticket_show_description":"","_tribe_ticket_show_not_going":false,"_tribe_ticket_use_global_stock":"","_tribe_ticket_global_stock_level":"","_global_stock_mode":"","_global_stock_cap":"","_tribe_rsvp_for_event":"","_tribe_ticket_going_count":"","_tribe_ticket_not_going_count":"","_tribe_tickets_list":"[]","_tribe_ticket_has_attendee_info_fields":false,"_breakdance_hide_in_design_set":false,"_breakdance_tags":"","wds_primary_category":158,"footnotes":""},"categories":[198,158,187],"tags":[],"class_list":["post-87081","post","type-post","status-publish","format-standard","has-post-thumbnail","hentry","category-chroniques-des-equipes-durables","category-equipes-durables","category-video"],"acf":[],"_links":{"self":[{"href":"https:\/\/actitudes.ch\/de\/wp-json\/wp\/v2\/posts\/87081","targetHints":{"allow":["GET"]}}],"collection":[{"href":"https:\/\/actitudes.ch\/de\/wp-json\/wp\/v2\/posts"}],"about":[{"href":"https:\/\/actitudes.ch\/de\/wp-json\/wp\/v2\/types\/post"}],"author":[{"embeddable":true,"href":"https:\/\/actitudes.ch\/de\/wp-json\/wp\/v2\/users\/6"}],"replies":[{"embeddable":true,"href":"https:\/\/actitudes.ch\/de\/wp-json\/wp\/v2\/comments?post=87081"}],"version-history":[{"count":0,"href":"https:\/\/actitudes.ch\/de\/wp-json\/wp\/v2\/posts\/87081\/revisions"}],"wp:featuredmedia":[{"embeddable":true,"href":"https:\/\/actitudes.ch\/de\/wp-json\/wp\/v2\/media\/97400"}],"wp:attachment":[{"href":"https:\/\/actitudes.ch\/de\/wp-json\/wp\/v2\/media?parent=87081"}],"wp:term":[{"taxonomy":"category","embeddable":true,"href":"https:\/\/actitudes.ch\/de\/wp-json\/wp\/v2\/categories?post=87081"},{"taxonomy":"post_tag","embeddable":true,"href":"https:\/\/actitudes.ch\/de\/wp-json\/wp\/v2\/tags?post=87081"}],"curies":[{"name":"wp","href":"https:\/\/api.w.org\/{rel}","templated":true}]}}