

{"id":107041,"date":"2024-09-25T10:44:49","date_gmt":"2024-09-25T08:44:49","guid":{"rendered":"https:\/\/actitudes.ch\/?p=107041"},"modified":"2025-01-16T10:56:22","modified_gmt":"2025-01-16T09:56:22","slug":"intervision-circle-facilitators-a-theme-that-emerged","status":"publish","type":"post","link":"https:\/\/actitudes.ch\/en\/cercle-dintervision-facilitateurs-trices-un-theme-qui-a-emerge\/","title":{"rendered":"Facilitators' Intervision Circle: Sharing a recent reflection"},"content":{"rendered":"<section class=\"bde-section-107041-100 bde-section\">\n  \n  \n\t\n\n\n\n<div class=\"section-container\"><div class=\"bde-rich-text-107041-101 bde-rich-text breakdance-rich-text-styles\">\n<p>One of the themes that emerged during our last <strong>Facilitators' Intervision Circle<\/strong>, which took place on Tuesday, September 17, 2024, with a small group of facilitators in Vevey, was that of: <br \/><br \/><strong>\"Post-workshop\" follow-up and the integration of ideas and actions that emerged during a workshop into the daily professional life of a team or organization.<\/strong><br \/><br \/>The facilitators' group discussion focused particularly on:<\/p>\n<ul>\n<li>How can we enable the integration of ideas and avenues that emerged during a workshop into the individual and team professional daily life?<\/li>\n<li>What physical support (disk, mini-cubes, etc.) can help this transfer into daily professional life: for example, by bringing a physical object back to one's desk and how?<\/li>\n<li>How can we enable \u201canchoring\u201d on actions agreed upon during a workshop? : For example, with peer-coaching pairs to concretely follow up on actions.<\/li>\n<li>And how can we enable bringing back and integrating the collaborative dynamic created during the workshop beyond the workshop?<\/li>\n<\/ul>\n<p><br \/>\ud83c\udf00 Our intervision circles are reserved for our certified or in-certification facilitators and take place 3 to 4 times a year over half a day.<br \/><br \/><strong>These intervision circles are an opportunity for our facilitators to:<\/strong><\/p>\n<ul>\n<li>Share their facilitation experiences and practices.<\/li>\n<li>Exchange on their workshop facilitation and project support.<\/li>\n<li>Discover and experiment with new facilitation sequences and tools.<\/li>\n<li>Co-create, co-build, and experience this community of facilitators together.<\/li>\n<\/ul>\n<p>If you wish to learn more about our <strong>Train-the-Trainer training<\/strong>, we invite you to browse our <strong>complete training description<\/strong> here:<\/p>\n<p>\u00a0<\/p>\n<\/div><div class=\"bde-button-107041-102 bde-button\">\n        \n    \n    \n    \n    \n            \n                    \n            \n            \n\n    \n    \n    \n    \n    \n    <a class=\"breakdance-link button-atom button-atom--primary bde-button__button\" href=\"https:\/\/actitudes.typeform.com\/TTT-information?typeform-source=actitudes.ch\" target=\"_self\" data-type=\"url\"  >\n\n    \n        <span class=\"button-atom__text\">Train-the-Trainer: full training description<\/span>\n\n        \n        \n                <\/a>\n\n    \n\n\n<\/div><\/div>\n<\/section>","protected":false},"excerpt":{"rendered":"<p>Un des th\u00e8mes qui a \u00e9merg\u00e9 lors de notre dernier Cercle d\u2019intervision facilitateurs.trices, qui a eu lieu mardi 17 septembre 2024 avec un petit groupes de facilitateurs-trices \u00e0 Vevey \u00e9tait [&hellip;]<\/p>\n","protected":false},"author":6,"featured_media":107042,"comment_status":"closed","ping_status":"open","sticky":false,"template":"","format":"standard","meta":{"_acf_changed":false,"_price":"","_stock":"","_tribe_ticket_header":"","_tribe_default_ticket_provider":"","_tribe_ticket_capacity":"0","_ticket_start_date":"","_ticket_end_date":"","_tribe_ticket_show_description":"","_tribe_ticket_show_not_going":false,"_tribe_ticket_use_global_stock":"","_tribe_ticket_global_stock_level":"","_global_stock_mode":"","_global_stock_cap":"","_tribe_rsvp_for_event":"","_tribe_ticket_going_count":"","_tribe_ticket_not_going_count":"","_tribe_tickets_list":"[]","_tribe_ticket_has_attendee_info_fields":false,"_breakdance_hide_in_design_set":false,"_breakdance_tags":"","wds_primary_category":239,"footnotes":""},"categories":[256,158,239,254],"tags":[],"class_list":["post-107041","post","type-post","status-publish","format-standard","has-post-thumbnail","hentry","category-developpement-organisationnel","category-equipes-durables","category-facilitation","category-train-the-trainer"],"acf":[],"_links":{"self":[{"href":"https:\/\/actitudes.ch\/en\/wp-json\/wp\/v2\/posts\/107041","targetHints":{"allow":["GET"]}}],"collection":[{"href":"https:\/\/actitudes.ch\/en\/wp-json\/wp\/v2\/posts"}],"about":[{"href":"https:\/\/actitudes.ch\/en\/wp-json\/wp\/v2\/types\/post"}],"author":[{"embeddable":true,"href":"https:\/\/actitudes.ch\/en\/wp-json\/wp\/v2\/users\/6"}],"replies":[{"embeddable":true,"href":"https:\/\/actitudes.ch\/en\/wp-json\/wp\/v2\/comments?post=107041"}],"version-history":[{"count":0,"href":"https:\/\/actitudes.ch\/en\/wp-json\/wp\/v2\/posts\/107041\/revisions"}],"wp:featuredmedia":[{"embeddable":true,"href":"https:\/\/actitudes.ch\/en\/wp-json\/wp\/v2\/media\/107042"}],"wp:attachment":[{"href":"https:\/\/actitudes.ch\/en\/wp-json\/wp\/v2\/media?parent=107041"}],"wp:term":[{"taxonomy":"category","embeddable":true,"href":"https:\/\/actitudes.ch\/en\/wp-json\/wp\/v2\/categories?post=107041"},{"taxonomy":"post_tag","embeddable":true,"href":"https:\/\/actitudes.ch\/en\/wp-json\/wp\/v2\/tags?post=107041"}],"curies":[{"name":"wp","href":"https:\/\/api.w.org\/{rel}","templated":true}]}}