

{"id":107510,"date":"2025-01-22T09:57:15","date_gmt":"2025-01-22T08:57:15","guid":{"rendered":"https:\/\/actitudes.ch\/?p=107510"},"modified":"2025-01-22T10:20:59","modified_gmt":"2025-01-22T09:20:59","slug":"community-of-facilitators-kick-start-the-year-2025","status":"publish","type":"post","link":"https:\/\/actitudes.ch\/en\/communaute-des-facilitateurs-trices-kick-start-the-year-2025\/","title":{"rendered":"Facilitators' Community: Kick-Start the Year 2025"},"content":{"rendered":"<section class=\"bde-section-107510-100 bde-section\">\n  \n  \n\t\n\n\n\n<div class=\"section-container\"><div class=\"bde-rich-text-107510-101 bde-rich-text breakdance-rich-text-styles\">\n<p><strong>Community of facilitators<\/strong>: On January 15th, our <strong>Kick-Start the Year for Facilitators<\/strong> of sustainable teams! <strong>A video meeting between facilitators<\/strong> of the community and <strong>an opportunity for us:<\/strong><\/p>\n<ul>\n<li>\n<p>To exchange among facilitators<\/p>\n<\/li>\n<li>\n<p>To share among peers about our facilitation experiences in 2024: both our \u201csuccesses\u201d and also our \u201cfailures\u201d: because we know that being able to talk about our learnings and even sometimes our \u201cmisses\u201d precisely allows the community to become a learning one.<\/p>\n<\/li>\n<li>\n<p>All spiced with fun and laughter<\/p>\n<\/li>\n<li>\n<p>And leading us to reflect on our individual and collective development wishes as facilitators for 2025.<\/p>\n<\/li>\n<\/ul>\n<p><br \/>And to do this, nothing beats a <strong>reflection around the Ecocycle of sustainable teams<\/strong>, a model that allows us to reflect and work around change both individually and as a team and organization simultaneously. <br \/><br \/><strong>Keywords:<\/strong><\/p>\n<ul>\n<li>\n<p>Facilitation<\/p>\n<\/li>\n<li>\n<p>Peer sharing<\/p>\n<\/li>\n<li>\n<p>Learning Community<\/p>\n<\/li>\n<li>\n<p>Psychological Safety<\/p>\n<\/li>\n<li>\n<p>Dare to talk about \u201cfails\u201d<\/p>\n<\/li>\n<li>\n<p>Fun<\/p>\n<\/li>\n<\/ul>\n<p><br \/>And if you too wish to join our growing community of sustainable team facilitators,<strong> you are welcome to one of our next Train-the-Trainer Facilitator courses<\/strong>:<br \/><br \/><strong>Train-the-Trainer Dates 2025-2026:<\/strong><br \/><br \/><\/p>\n<ul>\n<li>\n<p>Residential in Chexbres on May 15-16, 2025, online course opens 1 to 2 months before the residential.<\/p>\n<\/li>\n<li>\n<p>Residential in Chexbres on October 2-3, 2025, online course opens 1 to 2 months before the residential.<\/p>\n<\/li>\n<li>\n<p>Residential in Chexbres on June 11-12, 2026, online course opens 1 to 2 months before the residential.<\/p>\n<\/li>\n<li>\n<p>Residential in Chexbres on October 1-2, 2026, online course opens 1 to 2 months before the residential.<\/p>\n<\/li>\n<\/ul>\n<p>All information here:<\/p>\n<p>\u00a0<\/p>\n<\/div><div class=\"bde-button-107510-102 bde-button\">\n        \n    \n    \n    \n    \n            \n                    \n            \n            \n\n    \n    \n    \n    \n    \n    <a class=\"breakdance-link button-atom button-atom--primary bde-button__button\" href=\"https:\/\/actitudes.ch\/en\/ttt\/\" target=\"_self\" data-type=\"url\"  >\n\n    \n        <span class=\"button-atom__text\">Train-the-trainer for sustainable team facilitators<\/span>\n\n        \n        \n                <\/a>\n\n    \n\n\n<\/div><\/div>\n<\/section>","protected":false},"excerpt":{"rendered":"<p>Communaut\u00e9 des facilitateurs-trices: Le 15 janvier dernier a eu lieu notre Kick-Start the Year des Facilitateurs-trices des \u00e9quipes durables ! Une rencontre visio entre facilitateurs-trices de la communaut\u00e9 et l\u2019occasion [&hellip;]<\/p>\n","protected":false},"author":6,"featured_media":107511,"comment_status":"closed","ping_status":"open","sticky":false,"template":"","format":"standard","meta":{"_acf_changed":false,"_price":"","_stock":"","_tribe_ticket_header":"","_tribe_default_ticket_provider":"","_tribe_ticket_capacity":"0","_ticket_start_date":"","_ticket_end_date":"","_tribe_ticket_show_description":"","_tribe_ticket_show_not_going":false,"_tribe_ticket_use_global_stock":"","_tribe_ticket_global_stock_level":"","_global_stock_mode":"","_global_stock_cap":"","_tribe_rsvp_for_event":"","_tribe_ticket_going_count":"","_tribe_ticket_not_going_count":"","_tribe_tickets_list":"[]","_tribe_ticket_has_attendee_info_fields":false,"_breakdance_hide_in_design_set":false,"_breakdance_tags":"","wds_primary_category":239,"footnotes":""},"categories":[172,149,147,239,254],"tags":[],"class_list":["post-107510","post","type-post","status-publish","format-standard","has-post-thumbnail","hentry","category-objectifs-inspirants-pour-les-individus-le-team","category-apprentissage-croissance-progres","category-securite-psychologique-confiance","category-facilitation","category-train-the-trainer"],"acf":[],"_links":{"self":[{"href":"https:\/\/actitudes.ch\/en\/wp-json\/wp\/v2\/posts\/107510","targetHints":{"allow":["GET"]}}],"collection":[{"href":"https:\/\/actitudes.ch\/en\/wp-json\/wp\/v2\/posts"}],"about":[{"href":"https:\/\/actitudes.ch\/en\/wp-json\/wp\/v2\/types\/post"}],"author":[{"embeddable":true,"href":"https:\/\/actitudes.ch\/en\/wp-json\/wp\/v2\/users\/6"}],"replies":[{"embeddable":true,"href":"https:\/\/actitudes.ch\/en\/wp-json\/wp\/v2\/comments?post=107510"}],"version-history":[{"count":0,"href":"https:\/\/actitudes.ch\/en\/wp-json\/wp\/v2\/posts\/107510\/revisions"}],"wp:featuredmedia":[{"embeddable":true,"href":"https:\/\/actitudes.ch\/en\/wp-json\/wp\/v2\/media\/107511"}],"wp:attachment":[{"href":"https:\/\/actitudes.ch\/en\/wp-json\/wp\/v2\/media?parent=107510"}],"wp:term":[{"taxonomy":"category","embeddable":true,"href":"https:\/\/actitudes.ch\/en\/wp-json\/wp\/v2\/categories?post=107510"},{"taxonomy":"post_tag","embeddable":true,"href":"https:\/\/actitudes.ch\/en\/wp-json\/wp\/v2\/tags?post=107510"}],"curies":[{"name":"wp","href":"https:\/\/api.w.org\/{rel}","templated":true}]}}