

{"id":116674,"date":"2025-08-13T11:48:28","date_gmt":"2025-08-13T09:48:28","guid":{"rendered":"https:\/\/actitudes.ch\/?p=116674"},"modified":"2026-02-10T11:28:01","modified_gmt":"2026-02-10T10:28:01","slug":"to-become-facilitators-of-sustainable-teams-and-integrate-the-growing-community-of-actitudes-facilitators","status":"publish","type":"post","link":"https:\/\/actitudes.ch\/en\/devenir-facilitateurs%c2%b7trices-des-equipes-durables-et-integrer-la-communaute-grandissante-des-facilitateurs%c2%b7trices-actitudes\/","title":{"rendered":"Become Sustainable Team Facilitators and join the growing Community of Actitudes Facilitators"},"content":{"rendered":"<section class=\"bde-section-116674-100 bde-section\">\n  \n  \n\t\n\n\n\n<div class=\"section-container\"><div class=\"bde-video-116674-101 bde-video\">\n<div class=\"ee-video-container\">\n                                                                        \n                <lite-youtube\n                        videoid=\"6-CILhimtf0\"\n                                                style=\"background-image:inherit; \"\n                        class=\"ee-video lazyload\"\n                        title=\"\"\n                        params=\"&playsinline=0&rel=0&enablejsapi=1\"\n                 data-bg-image=\"url(https:\/\/i.ytimg.com\/vi\/6-CILhimtf0\/maxresdefault.jpg)\">\n                <\/lite-youtube>\n                    \n        \n            \n    <\/div>\n\n<\/div><div class=\"bde-rich-text-116674-102 bde-rich-text breakdance-rich-text-styles\">\n<p>\u00a0<\/p>\n<h4>Become Facilitators of sustainable teams and join the growing Community of Actitudes Facilitators and benefit from the expert insight of its members:<\/h4>\n<ul>\n<li>Learning &amp; Development Specialists,<\/li>\n<li>HR Managers,<\/li>\n<li>Work Psychologists,<\/li>\n<li>Leaders,<\/li>\n<li>Project Managers,<\/li>\n<li>Coaches,<\/li>\n<li>Trainers.<\/li>\n<\/ul>\n<p>During our Train-the-Trainer sessions, our facilitators acquire the tools, the facilitation structures, and the sustainable team support method to support them in:<\/p>\n<ul>\n<li>organizational developments,<\/li>\n<li>project support,<\/li>\n<li>seminar facilitation<\/li>\n<\/ul>\n<p>by working immediately on real cases, brought by each of the participants.<\/p>\n<p><strong>Some of the themes currently under co-development during these excerpts from the May 2025 Train-the-Trainer in Chexbres were:<\/strong><\/p>\n<ul>\n<li>What seminar formats to create, engage, and mobilize a community of managers within an organization?<\/li>\n<li>What solutions to develop to support crisis management?<\/li>\n<li>How to support a dysfunctional team?<\/li>\n<li>How to integrate and engage all stakeholders in a large-scale project with multiple local actors<\/li>\n<li>Propose sustainable team support in a hotel environment.<\/li>\n<\/ul>\n<p>And if you too wish to join our growing community of sustainable team facilitators, you are welcome to one of our next Train-the-Trainer Facilitator sessions.<\/p>\n<p>\u00a0<\/p>\n<p>\u00a0<\/p>\n<\/div><div class=\"bde-button-116674-103 bde-button\">\n        \n    \n    \n    \n    \n            \n                    \n            \n            \n\n    \n    \n    \n    \n    \n    <a class=\"breakdance-link button-atom button-atom--primary bde-button__button\" href=\"\/en\/www.actitudes.ch\/ttt\/\" target=\"_self\" data-type=\"url\"  >\n\n    \n        <span class=\"button-atom__text\">Certified Train-the-Trainer Course<\/span>\n\n        \n        \n                <\/a>\n\n    \n\n\n<\/div><\/div>\n<\/section>","protected":false},"excerpt":{"rendered":"<p>\u00a0 Devenir Facilitateurs\u00b7trices des \u00e9quipes durables et int\u00e9grer la Communaut\u00e9 grandissante des Facilitateurs\u00b7trices Actitudes et b\u00e9n\u00e9ficier du regard expert de ses membres: Sp\u00e9cialistes Learning &amp; d\u00e9veloppement, Responsables RH, Psychologues du [&hellip;]<\/p>\n","protected":false},"author":6,"featured_media":116676,"comment_status":"closed","ping_status":"open","sticky":false,"template":"","format":"standard","meta":{"_acf_changed":false,"_price":"","_stock":"","_tribe_ticket_header":"","_tribe_default_ticket_provider":"","_tribe_ticket_capacity":"0","_ticket_start_date":"","_ticket_end_date":"","_tribe_ticket_show_description":"","_tribe_ticket_show_not_going":false,"_tribe_ticket_use_global_stock":"","_tribe_ticket_global_stock_level":"","_global_stock_mode":"","_global_stock_cap":"","_tribe_rsvp_for_event":"","_tribe_ticket_going_count":"","_tribe_ticket_not_going_count":"","_tribe_tickets_list":"[]","_tribe_ticket_has_attendee_info_fields":false,"_breakdance_hide_in_design_set":false,"_breakdance_tags":"","wds_primary_category":158,"footnotes":""},"categories":[158,239,272,254,187],"tags":[],"class_list":["post-116674","post","type-post","status-publish","format-standard","has-post-thumbnail","hentry","category-equipes-durables","category-facilitation","category-intervision-facilitateurs-trices","category-train-the-trainer","category-video"],"acf":[],"_links":{"self":[{"href":"https:\/\/actitudes.ch\/en\/wp-json\/wp\/v2\/posts\/116674","targetHints":{"allow":["GET"]}}],"collection":[{"href":"https:\/\/actitudes.ch\/en\/wp-json\/wp\/v2\/posts"}],"about":[{"href":"https:\/\/actitudes.ch\/en\/wp-json\/wp\/v2\/types\/post"}],"author":[{"embeddable":true,"href":"https:\/\/actitudes.ch\/en\/wp-json\/wp\/v2\/users\/6"}],"replies":[{"embeddable":true,"href":"https:\/\/actitudes.ch\/en\/wp-json\/wp\/v2\/comments?post=116674"}],"version-history":[{"count":2,"href":"https:\/\/actitudes.ch\/en\/wp-json\/wp\/v2\/posts\/116674\/revisions"}],"predecessor-version":[{"id":116678,"href":"https:\/\/actitudes.ch\/en\/wp-json\/wp\/v2\/posts\/116674\/revisions\/116678"}],"wp:featuredmedia":[{"embeddable":true,"href":"https:\/\/actitudes.ch\/en\/wp-json\/wp\/v2\/media\/116676"}],"wp:attachment":[{"href":"https:\/\/actitudes.ch\/en\/wp-json\/wp\/v2\/media?parent=116674"}],"wp:term":[{"taxonomy":"category","embeddable":true,"href":"https:\/\/actitudes.ch\/en\/wp-json\/wp\/v2\/categories?post=116674"},{"taxonomy":"post_tag","embeddable":true,"href":"https:\/\/actitudes.ch\/en\/wp-json\/wp\/v2\/tags?post=116674"}],"curies":[{"name":"wp","href":"https:\/\/api.w.org\/{rel}","templated":true}]}}