

{"id":85262,"date":"2022-12-14T15:08:32","date_gmt":"2022-12-14T14:08:32","guid":{"rendered":"https:\/\/actitudes.ch\/?p=85262"},"modified":"2024-11-12T15:00:26","modified_gmt":"2024-11-12T14:00:26","slug":"lunchtime-conference-book-launch-sustainable-teams-in-canada","status":"publish","type":"post","link":"https:\/\/actitudes.ch\/en\/midi-conference-sortie-du-livre-les-equipes-durables-au-canada\/","title":{"rendered":"Lunch Conference: release of the book \u201cSustainable Teams\u201d in Canada"},"content":{"rendered":"<p><strong>Online conference: Tuesday, January 24, 12:00 PM to 1:00 PM (Quebec time)<\/strong><\/p>\n\n\n\n<p>On the occasion of the release of his book in Canada, we invite you to discover \u00ab&nbsp;<a href=\"https:\/\/actitudescoaching.com\/fr\/livre-construire-equipes-durables-frederic-meuwly\/\">Sustainable Teams: 18 Key Factors for High-Performing Teamwork<\/a>&nbsp;\u00bb in the presence of its author.<\/p>\n\n\n\n<p>Consultant and speaker Fr\u00e9d\u00e9ric Meuwly, Ph.D. considers teams as complex human ecosystems that can achieve long-term success by focusing on 18 sustainability factors for work groups presented in the new guide \u201cSustainable Teams\u201d.<\/p>\n\n\n\n<p>In an era where many organizations are still too focused on short-term returns, Sustainable Teams is a vibrant call to leadership to redefine collective work in response to the profoundly disruptive changes in our environment, our societies, and our economies.<\/p>\n\n\n\n<p><strong>The presentation will last approximately 30 minutes, and you will then be able to ask all your questions to Fr\u00e9d\u00e9ric Meuwly, author of the guide \u00abSustainable Teams\u00bb which is being released in Canada in 2023.<\/strong><\/p>\n\n\n\n<div class=\"wp-block-buttons is-layout-flex wp-block-buttons-is-layout-flex\">\n<div class=\"wp-block-button\"><a class=\"wp-block-button__link wp-element-button\" href=\"\" target=\"_blank\" rel=\"noreferrer noopener\">Register for free<\/a><\/div>\n<\/div>\n\n\n\n<blockquote class=\"wp-block-quote is-layout-flow wp-block-quote-is-layout-flow\">\n<p>This book is essential. It will allow you to sustainably transform the cohesion and collective performance of teams within your organization.<\/p>\n\n\n\n<p><small>\u2014 Prof. George A. Kohlrieser, Professor Emeritus of Leadership and Organizational Behavior, IMD business school, Lausanne, Switzerland.<\/small><\/p>\n<\/blockquote>\n\n\n\n<p><strong>CONFERENCE PROGRAM (Quebec time)<\/strong><\/p>\n\n\n\n<ul class=\"wp-block-list\">\n<li>11:55 AM: online session opens<\/li>\n\n\n\n<li>12:00 PM: Welcome address by Severine Paladini, founder of&nbsp;<a href=\"https:\/\/expertise-h2h.com\/\">Expertise H2H<\/a>&nbsp;in Montreal \u2013 Canada and host of the conference<\/li>\n\n\n\n<li>12:10 PM: Presentation by Fr\u00e9d\u00e9ric Meuwly, author of the book \u201cSustainable Teams\u201d<\/li>\n\n\n\n<li>12:40 PM: Questions \u2013 answers<\/li>\n\n\n\n<li>1:00 PM: End<\/li>\n<\/ul>\n\n\n\n<p><strong>PRICE:&nbsp;<\/strong>This event is free.<\/p>\n\n\n\n<p>WHERE TO FIND THE BOOK IN CANADA<\/p>\n\n\n\n<p>IN FRENCH<\/p>\n\n\n\n<ul class=\"wp-block-list\">\n<li><a href=\"https:\/\/www.renaud-bray.com\/Livres_Produit.aspx?id=3406523&amp;def=Equipes+durables+%3a+18+facteurs+cl%c3%a9s+pour+un+travail+d%27%c3%a9quipe+performant(Les)%2cMEUWLY%2c+FR%c3%89D%c3%89RIC%2c9782970141891\">Renaud-Bray<\/a><\/li>\n\n\n\n<li><a href=\"https:\/\/www.archambault.ca\/livres\/equipes-durables-18-facteurs-cl%c3%a9s-pour-un-travail-d%27%c3%a9quipe-performant-les\/fr%c3%a9d%c3%a9ric-meuwly\/9782970141891\/?id=3406523&amp;cat=1884314\">Archambault<\/a><\/li>\n\n\n\n<li><a href=\"https:\/\/www.leslibraires.ca\/livres\/les-equipes-durables-frederic-meuwly-9782970141891.html\">Les libraires<\/a><\/li>\n\n\n\n<li><a href=\"https:\/\/www.chapters.indigo.ca\/en-ca\/books\/equipes-durables-les\/9782970141891-item.html?ikwid=%c3%a9quipes+durables&amp;ikwsec=Home&amp;ikwidx=0#algoliaQueryId=0a48d7c38142e0b43ba4a00d977804ef\">Chapters Indigo<\/a><\/li>\n\n\n\n<li><a href=\"https:\/\/www.amazon.ca\/Frederic-Meuwly\/e\/B08RC5VK4X\/ref=aufs_dp_fta_dsk\">Amazon<\/a><\/li>\n<\/ul>\n\n\n\n<p>IN ENGLISH&nbsp;<\/p>\n\n\n\n<ul class=\"wp-block-list\">\n<li><a href=\"https:\/\/www.chapters.indigo.ca\/en-ca\/books\/sustainable-teams-18-drivers-to\/9782970141877-item.html?ikwid=sustainable+teams&amp;ikwsec=Home&amp;ikwidx=0#algoliaQueryId=e1eb83cdbcaeff24cd2a492aa32f468f\">Chapters Indigo<\/a><\/li>\n\n\n\n<li><a href=\"https:\/\/www.amazon.ca\/gp\/product\/2970141876\/ref=dbs_a_def_rwt_hsch_vapi_taft_p1_i1\">Amazon<\/a><\/li>\n<\/ul>","protected":false},"excerpt":{"rendered":"<p>\u00c0 l\u2019occasion de la sortie de son livre au Canada, nous vous invitons \u00e0 d\u00e9couvrir &#8220;Les \u00e9quipes durables : 18 facteurs cl\u00e9s pour un travail d\u2019\u00e9quipe performant&#8221; en pr\u00e9sence de son auteur.<\/p>\n<p>Consultant and speaker Fr\u00e9d\u00e9ric Meuwly, Ph.D. considers teams as complex human ecosystems that can achieve long-term success by focusing on 18 sustainability factors for work groups presented in the new guide \u201cSustainable Teams\u201d.<\/p>","protected":false},"author":6,"featured_media":85266,"comment_status":"closed","ping_status":"open","sticky":false,"template":"","format":"standard","meta":{"_acf_changed":false,"_price":"","_stock":"","_tribe_ticket_header":"","_tribe_default_ticket_provider":"","_tribe_ticket_capacity":"0","_ticket_start_date":"","_ticket_end_date":"","_tribe_ticket_show_description":"","_tribe_ticket_show_not_going":false,"_tribe_ticket_use_global_stock":"","_tribe_ticket_global_stock_level":"","_global_stock_mode":"","_global_stock_cap":"","_tribe_rsvp_for_event":"","_tribe_ticket_going_count":"","_tribe_ticket_not_going_count":"","_tribe_tickets_list":"[]","_tribe_ticket_has_attendee_info_fields":false,"_breakdance_hide_in_design_set":false,"_breakdance_tags":"","wds_primary_category":188,"footnotes":""},"categories":[188,187],"tags":[],"class_list":["post-85262","post","type-post","status-publish","format-standard","has-post-thumbnail","hentry","category-evenement","category-video"],"acf":[],"_links":{"self":[{"href":"https:\/\/actitudes.ch\/en\/wp-json\/wp\/v2\/posts\/85262","targetHints":{"allow":["GET"]}}],"collection":[{"href":"https:\/\/actitudes.ch\/en\/wp-json\/wp\/v2\/posts"}],"about":[{"href":"https:\/\/actitudes.ch\/en\/wp-json\/wp\/v2\/types\/post"}],"author":[{"embeddable":true,"href":"https:\/\/actitudes.ch\/en\/wp-json\/wp\/v2\/users\/6"}],"replies":[{"embeddable":true,"href":"https:\/\/actitudes.ch\/en\/wp-json\/wp\/v2\/comments?post=85262"}],"version-history":[{"count":0,"href":"https:\/\/actitudes.ch\/en\/wp-json\/wp\/v2\/posts\/85262\/revisions"}],"wp:featuredmedia":[{"embeddable":true,"href":"https:\/\/actitudes.ch\/en\/wp-json\/wp\/v2\/media\/85266"}],"wp:attachment":[{"href":"https:\/\/actitudes.ch\/en\/wp-json\/wp\/v2\/media?parent=85262"}],"wp:term":[{"taxonomy":"category","embeddable":true,"href":"https:\/\/actitudes.ch\/en\/wp-json\/wp\/v2\/categories?post=85262"},{"taxonomy":"post_tag","embeddable":true,"href":"https:\/\/actitudes.ch\/en\/wp-json\/wp\/v2\/tags?post=85262"}],"curies":[{"name":"wp","href":"https:\/\/api.w.org\/{rel}","templated":true}]}}