

{"id":87027,"date":"2023-05-02T09:39:00","date_gmt":"2023-05-02T07:39:00","guid":{"rendered":"https:\/\/actitudes.ch\/"},"modified":"2025-01-07T12:17:18","modified_gmt":"2025-01-07T11:17:18","slug":"apply-the-principles-of-ecology-to-hr-management-article-sme-magazine","status":"publish","type":"post","link":"https:\/\/actitudes.ch\/en\/appliquer-les-principes-de-lecologie-au-management-rh-article-pme-magazine\/","title":{"rendered":"Apply ecological principles to HR management"},"content":{"rendered":"<section class=\"bde-section-87027-100 bde-section\">\n  \n  \n\t\n\n\n\n<div class=\"section-container\"><div class=\"bde-rich-text-87027-102 bde-rich-text breakdance-rich-text-styles\">\n<h6>Article by Francesca Sacco for PME magazine. 10.04.2023<\/h6>\n<blockquote>\n<h4>The awakening of ecological awareness has infiltrated all areas of life. Even the management of work teams.<\/h4>\n<\/blockquote>\n<p>The idea is in the air. The concept of sustainable development is intimately linked to the collective awareness of the need to preserve the environment. This obvious fact has progressively asserted itself in political, economic, and social life. Thus, for several years, \u00absustainability\u00bb has been an integral part of the jargon of employers' social responsibility. Environmentally conscious companies have become sustainable \u2013 just like marketing, public institutions, cities, and any product we buy.<\/p>\n<p>What if this theory also applied to human resources? In a society that is becoming increasingly aware of the extent of psychosocial risks at work, this question challenged the French-speaking Swiss consultant Fr\u00e9d\u00e9ric Meuwly, director of the Actitudes firm in Vevey. \u00abI was struck by certain initiatives, such as the World Business Council for Sustainable Development, the Ellen MacArthur Foundation, and the Solar Impulse project, and I wanted to understand by what kind of \u00abmagic\u00bb certain teams managed to stand out by being efficient on a human level too,\u00bb he explains.<\/p>\n<p>As early as 2005, convinced of the existence of a similarity between the primary definition of sustainability and work groups that withstand the test of time, the consultant sought to identify the success criteria of a team. Drawing inspiration from the United Nations (UN) 2030 Agenda model, which sets 17 global sustainable development goals, he identified a total of 18 key factors that can be worked on in a structured manner. In 2020, Fr\u00e9d\u00e9ric Meuwly formalized his methodology in a book titled \u00abSustainable Teams,\u00bb which has sold over 1000 copies to date \u2013 a figure synonymous with a bestseller for the French-speaking Swiss market.<\/p>\n<blockquote>\n<h4>\u00abThe teams that move better and faster? Those with better collaborative dynamics.\u00bb<\/h4>\n<\/blockquote>\n<p>If you do an internet search, you will see that for several years there have already been a number of methods, training courses, and workshops related to \u00absustainable\u00bb management. Almost invariably, the expression is taken in a fairly broad sense; it encompasses both corporate social responsibility, environmental resource management, and the control of the ecological impact of processes, but also the prevention and promotion of health at work, for example. However, Fr\u00e9d\u00e9ric Meuwly's approach specifically focuses on team success factors: supportive management, clarity of roles and processes, feedback culture, group cohesion, continuous learning, staff stimulation and recognition, etc.<\/p>\n<div class=\"\">\n<div id=\"cGFyYWdyYXBoOnRleHQ6bmV3LXNMb0lRM1VpOm5ldy12a0RlQjdleg==\">\n<div class=\"ipvfPaCr\">\n<div class=\"paragraph-wrapper oAO8zOfv ZPd_ooYO\">\n<div class=\"QxrClZXJ\">\n<div class=\"rUKQa5by c9pB5g0e\">\n<div>\n<div class=\"paragraph text-paragraph mDVV5eek XHFv2YSm\">\n<div>\n<p>This methodology particularly appeals to SMEs and public or semi-private institutions. It is also the subject of two in-company master's theses, currently being carried out at AlpWatt S\u00e0rl and Romande Energie, as part of the HES-SO Executive MBA. Among the client companies and organizations, we can mention the French-speaking Swiss engineering firm RWB, the Sarine Health Network, Firmenich, and the Vaud Cantonal Fire and Natural Hazards Insurance Establishment (ECA).<\/p>\n<\/div>\n<\/div>\n<\/div>\n<\/div>\n<\/div>\n<\/div>\n<\/div>\n<\/div>\n<\/div>\n<div class=\"\">\n<div id=\"cGFyYWdyYXBoOnRleHQ6bmV3LXhIbW1qZ3d6Om5ldy12YWlrUW9HYg==\">\n<div class=\"ipvfPaCr\">\n<div class=\"paragraph-wrapper oAO8zOfv ZPd_ooYO\">\n<div class=\"QxrClZXJ\">\n<div class=\"rUKQa5by c9pB5g0e\">\n<div>\n<div class=\"paragraph text-paragraph mDVV5eek XHFv2YSm\">\n<div>\n<p>Furthermore, Fr\u00e9d\u00e9ric Meuwly was invited by Swiss Leaders to present his approach in a public conference and webinar to the association's members.<\/p>\n<\/div>\n<\/div>\n<\/div>\n<\/div>\n<\/div>\n<\/div>\n<\/div>\n<\/div>\n<\/div>\n<div class=\"\">\n<div id=\"cGFyYWdyYXBoOnRleHQ6bmV3LWZqM0N3OVFkOm5ldy16WHNITmZ1bA==\">\n<div class=\"ipvfPaCr\">\n<div class=\"paragraph-wrapper oAO8zOfv ZPd_ooYO\">\n<div class=\"QxrClZXJ\">\n<div class=\"rUKQa5by c9pB5g0e\">\n<div>\n<div class=\"paragraph text-paragraph mDVV5eek XHFv2YSm\">\n<div>\n<p>At Firmenich, over 2000 employees have already been trained. \u00abThe idea that it is possible to apply sustainability factors to team management convinced us, because we have inherited a particular sensitivity to environmental issues from our long history as a family business,\u00bb explains HRD Guy Zehnder. The same enthusiasm at RWB, in Porrentruy: \u00abOur objective was to develop the teams\u00bb ability to mobilize knowledge from the field. This requires skills that our managers do not necessarily possess, because, fundamentally, they have an engineering background. This approach was a first for us, but after just one workshop, we were able to set up internal peer coaching,\" states Samuel Beuchat, its director.<\/p>\n<\/div>\n<\/div>\n<\/div>\n<\/div>\n<\/div>\n<\/div>\n<\/div>\n<\/div>\n<\/div>\n<div class=\"\">\n<div id=\"cGFyYWdyYXBoOnRleHQ6bmV3LWRGNTh5WFF1Om5ldy1yMXBrOTI2Vg==\">\n<div class=\"ipvfPaCr\">\n<div class=\"paragraph-wrapper oAO8zOfv ZPd_ooYO\">\n<div class=\"QxrClZXJ\">\n<div class=\"rUKQa5by c9pB5g0e\">\n<div>\n<div class=\"paragraph text-paragraph mDVV5eek XHFv2YSm\">\n<div>\n<p>For Ornella Macheda, HRD of the Sarine Health Network, the experience helped strengthen trust. \u00abThis was what we wanted, because if relationships are good, people are more willing to get involved in how teams function. So we started by training all our managers, adopting a micro-project approach to aim for quick and measurable effects. We wanted to avoid falling into the trap of those initiatives whose end, or even results, are never seen! In the end, everyone who participated decided to continue, and the initiative was renewed.\u00bb<\/p>\n<p>In his career, which began in the pharmaceutical industry with a background as a young engineer, Fr\u00e9d\u00e9ric Meuwly quickly noticed that it was difficult for a team to develop on a human level, in addition to achieving numerical objectives. He believed in the traditional rule that 80% of success is attributable to quality and only 20% to teamwork. \u00abExperience proved me wrong! Indeed, I saw teams getting bogged down in counterproductive dynamics even though they had been assigned a promising project, while others moved better and faster, thanks to better collaborative dynamics.\u00bb<\/p>\n<\/div>\n<\/div>\n<\/div>\n<\/div>\n<\/div>\n<\/div>\n<\/div>\n<\/div>\n<\/div>\n<\/div><div class=\"bde-button-87027-103 bde-button\">\n        \n    \n    \n    \n    \n            \n                    \n            \n            \n\n    \n    \n    \n    \n    \n    <a class=\"breakdance-link button-atom button-atom--primary bde-button__button\" href=\"https:\/\/www.pme.ch\/strategie\/2023\/04\/10\/appliquer-les-principes-de-lecologie-au-management-rh-577344\" target=\"_self\" data-type=\"url\"  >\n\n    \n        <span class=\"button-atom__text\">Read the full article on PME Magazine<\/span>\n\n        \n        \n                <\/a>\n\n    \n\n\n<\/div><\/div>\n<\/section>","protected":false},"excerpt":{"rendered":"<p>Merci \u00e0 PME magazine ainsi qu\u2019\u00e0 Francesca Sacco pour cet article qui donne un nouvel \u00e9clairage sur les \u00e9quipes durables, bas\u00e9 sur des retours d\u2019exp\u00e9rience concrets d\u2019entreprises qui utilisent cette approche pour d\u00e9velopper leurs leaders et leurs \u00e9quipes.<\/p>","protected":false},"author":6,"featured_media":104241,"comment_status":"closed","ping_status":"open","sticky":false,"template":"","format":"standard","meta":{"_acf_changed":false,"_price":"","_stock":"","_tribe_ticket_header":"","_tribe_default_ticket_provider":"","_tribe_ticket_capacity":"0","_ticket_start_date":"","_ticket_end_date":"","_tribe_ticket_show_description":"","_tribe_ticket_show_not_going":false,"_tribe_ticket_use_global_stock":"","_tribe_ticket_global_stock_level":"","_global_stock_mode":"","_global_stock_cap":"","_tribe_rsvp_for_event":"","_tribe_ticket_going_count":"","_tribe_ticket_not_going_count":"","_tribe_tickets_list":"[]","_tribe_ticket_has_attendee_info_fields":false,"_breakdance_hide_in_design_set":false,"_breakdance_tags":"","wds_primary_category":53,"footnotes":""},"categories":[158,53],"tags":[],"class_list":["post-87027","post","type-post","status-publish","format-standard","has-post-thumbnail","hentry","category-equipes-durables","category-non-classifiee"],"acf":[],"_links":{"self":[{"href":"https:\/\/actitudes.ch\/en\/wp-json\/wp\/v2\/posts\/87027","targetHints":{"allow":["GET"]}}],"collection":[{"href":"https:\/\/actitudes.ch\/en\/wp-json\/wp\/v2\/posts"}],"about":[{"href":"https:\/\/actitudes.ch\/en\/wp-json\/wp\/v2\/types\/post"}],"author":[{"embeddable":true,"href":"https:\/\/actitudes.ch\/en\/wp-json\/wp\/v2\/users\/6"}],"replies":[{"embeddable":true,"href":"https:\/\/actitudes.ch\/en\/wp-json\/wp\/v2\/comments?post=87027"}],"version-history":[{"count":0,"href":"https:\/\/actitudes.ch\/en\/wp-json\/wp\/v2\/posts\/87027\/revisions"}],"wp:featuredmedia":[{"embeddable":true,"href":"https:\/\/actitudes.ch\/en\/wp-json\/wp\/v2\/media\/104241"}],"wp:attachment":[{"href":"https:\/\/actitudes.ch\/en\/wp-json\/wp\/v2\/media?parent=87027"}],"wp:term":[{"taxonomy":"category","embeddable":true,"href":"https:\/\/actitudes.ch\/en\/wp-json\/wp\/v2\/categories?post=87027"},{"taxonomy":"post_tag","embeddable":true,"href":"https:\/\/actitudes.ch\/en\/wp-json\/wp\/v2\/tags?post=87027"}],"curies":[{"name":"wp","href":"https:\/\/api.w.org\/{rel}","templated":true}]}}